{"id":20904,"date":"2021-05-07T18:21:48","date_gmt":"2021-05-07T21:21:48","guid":{"rendered":"http:\/\/www.centraldenoticias.com.ar\/?p=20904"},"modified":"2021-05-07T20:31:29","modified_gmt":"2021-05-07T23:31:29","slug":"pedido-de-ayuda-con-la-casa-asi-no-podemos-venir","status":"publish","type":"post","link":"https:\/\/cdnoticias.com\/index.php\/2021\/05\/07\/pedido-de-ayuda-con-la-casa-asi-no-podemos-venir\/","title":{"rendered":"Pedido de ayuda: \u201cCon la casa as\u00ed no podemos venir\u201d"},"content":{"rendered":"<p>Se trata de la joven familia a la que le incendiaron la casa horas antes de mudarse. Consiguieron una ventana, pero necesitan distintos elementos para hacerla habitable.<!--more--><\/p>\n<hr \/>\n<p>En el inicio de la tarde del pasado jueves <a href=\"https:\/\/cdnoticias.com\/index.php\/2021\/05\/06\/alquilaron-una-casa-y-se-la-incendiaron-antes-de-mudarse\/\" target=\"_blank\" rel=\"noopener\">un voraz incendio arras\u00f3 con una vivienda ubicada sobre Jos\u00e9 Luis Torres a metros de avenida Pellegrini<\/a>. <em><strong>Central de Noticia<\/strong><\/em>s se acerc\u00f3 al lugar y dialog\u00f3 con los damnificados, lo que permiti\u00f3 conocer una historia tan inesperada como indeseable. <strong>Se trata de una joven familia a la que le quemaron la casa horas despu\u00e9s de haber firmado el contrato de alquiler, en un ataque del que desconocen completamente los intereses o motivaciones<\/strong>.<\/p>\n<p>&nbsp;<\/p>\n<p><strong>La \u00fanica realidad es que se encuentran en una carrera contra reloj en poder hacerla habitable, ya que el anterior domicilio que alquilaban quedaron en desalojarlo<\/strong>. \u201cEl due\u00f1o ya public\u00f3 la casa para alquilar\u201d, narraron a este portal. Vale destacar que<strong> tienen cuatro hijos, de entre 8 y 2 a\u00f1os<\/strong>.<\/p>\n<p>&nbsp;<\/p>\n<p><img data-recalc-dims=\"1\" loading=\"lazy\" decoding=\"async\" class=\"alignnone size-full wp-image-20816\" src=\"https:\/\/i0.wp.com\/cdnoticias.com\/wp-content\/uploads\/2021\/05\/incendio03-1.jpg?resize=800%2C445&#038;ssl=1\" alt=\"\" width=\"800\" height=\"445\" srcset=\"https:\/\/i0.wp.com\/cdnoticias.com\/wp-content\/uploads\/2021\/05\/incendio03-1.jpg?w=800&amp;ssl=1 800w, https:\/\/i0.wp.com\/cdnoticias.com\/wp-content\/uploads\/2021\/05\/incendio03-1.jpg?resize=300%2C167&amp;ssl=1 300w, https:\/\/i0.wp.com\/cdnoticias.com\/wp-content\/uploads\/2021\/05\/incendio03-1.jpg?resize=768%2C427&amp;ssl=1 768w\" sizes=\"auto, (max-width: 800px) 100vw, 800px\" \/><\/p>\n<p>&nbsp;<\/p>\n<p><strong>\u201cCon la casa as\u00ed no podemos venir\u201d<\/strong>, expres\u00f3 Evelyn mientras su pareja, Pablo Zorn, sigue retirando escombros y dej\u00e1ndolos en un container que ya qued\u00f3 colmado. <strong>Gracias a la solidaridad de la gente lograron conseguir una ventana, pero a\u00fan necesitan de diversos elementos para poder recuperar el lugar.<\/strong><\/p>\n<p>&nbsp;<\/p>\n<p>Lo \u00fanico positivo es que el ataque ocurri\u00f3 antes que concretaran la mudanza, por lo que sus pertenencias y muebles no resultaron afectados por las llamas. Sin embargo el fuego arras\u00f3 con las conexiones el\u00e9ctricas, tirantes y otra serie de elementos. Es por ello que cualquier ayuda ser\u00e1 bienvenida. <strong>Se pueden comunicar con ellos al 15308785.<\/strong><\/p>\n","protected":false},"excerpt":{"rendered":"<p>Se trata de la joven familia a la que le incendiaron la casa horas antes de mudarse. Consiguieron una ventana,<\/p>\n","protected":false},"author":3,"featured_media":20818,"comment_status":"closed","ping_status":"closed","sticky":false,"template":"","format":"standard","meta":{"_jetpack_memberships_contains_paid_content":false,"footnotes":""},"categories":[5,1],"tags":[],"class_list":["post-20904","post","type-post","status-publish","format-standard","has-post-thumbnail","hentry","category-informacion-general","category-portada"],"jetpack_featured_media_url":"https:\/\/i0.wp.com\/cdnoticias.com\/wp-content\/uploads\/2021\/05\/incendio01-1.jpg?fit=800%2C445&ssl=1","jetpack_sharing_enabled":true,"_links":{"self":[{"href":"https:\/\/cdnoticias.com\/index.php\/wp-json\/wp\/v2\/posts\/20904","targetHints":{"allow":["GET"]}}],"collection":[{"href":"https:\/\/cdnoticias.com\/index.php\/wp-json\/wp\/v2\/posts"}],"about":[{"href":"https:\/\/cdnoticias.com\/index.php\/wp-json\/wp\/v2\/types\/post"}],"author":[{"embeddable":true,"href":"https:\/\/cdnoticias.com\/index.php\/wp-json\/wp\/v2\/users\/3"}],"replies":[{"embeddable":true,"href":"https:\/\/cdnoticias.com\/index.php\/wp-json\/wp\/v2\/comments?post=20904"}],"version-history":[{"count":0,"href":"https:\/\/cdnoticias.com\/index.php\/wp-json\/wp\/v2\/posts\/20904\/revisions"}],"wp:featuredmedia":[{"embeddable":true,"href":"https:\/\/cdnoticias.com\/index.php\/wp-json\/wp\/v2\/media\/20818"}],"wp:attachment":[{"href":"https:\/\/cdnoticias.com\/index.php\/wp-json\/wp\/v2\/media?parent=20904"}],"wp:term":[{"taxonomy":"category","embeddable":true,"href":"https:\/\/cdnoticias.com\/index.php\/wp-json\/wp\/v2\/categories?post=20904"},{"taxonomy":"post_tag","embeddable":true,"href":"https:\/\/cdnoticias.com\/index.php\/wp-json\/wp\/v2\/tags?post=20904"}],"curies":[{"name":"wp","href":"https:\/\/api.w.org\/{rel}","templated":true}]}}