{"id":20880,"date":"2021-05-07T12:51:57","date_gmt":"2021-05-07T15:51:57","guid":{"rendered":"http:\/\/www.centraldenoticias.com.ar\/?p=20880"},"modified":"2021-05-07T23:43:45","modified_gmt":"2021-05-08T02:43:45","slug":"en-los-proximos-15-dias-habra-novedades-sobre-nuevos-moviles-y-personal-para-patrulla-rural","status":"publish","type":"post","link":"https:\/\/cdnoticias.com\/index.php\/2021\/05\/07\/en-los-proximos-15-dias-habra-novedades-sobre-nuevos-moviles-y-personal-para-patrulla-rural\/","title":{"rendered":"\u201cEn los pr\u00f3ximos 15 d\u00edas habr\u00e1 novedades sobre nuevos m\u00f3viles y personal para Patrulla Rural\u201d"},"content":{"rendered":"<p>La subcomisi\u00f3n de Seguridad de la Sociedad Rural se\u00f1al\u00f3 que este jueves fueron informados del retiro de un patrullero del Partido. Sin embargo, adelantaron \u201cimportantes novedades\u201d.<!--more--><\/p>\n<hr \/>\n<p>Tras el malestar que represent\u00f3 la noticia de <a href=\"https:\/\/cdnoticias.com\/index.php\/2021\/05\/07\/malestar-y-preocupacion-ante-la-falta-de-moviles-y-personal-para-el-ambito-rural\/\" target=\"_blank\" rel=\"noopener\">la quita de un m\u00f3vil de Patrulla Rural en el Partido de Olavarr\u00eda<\/a>, <strong>la subcomisi\u00f3n de Seguridad de la Sociedad Rural inform\u00f3 acerca de di\u00e1logos con la dependencia policial e incluso adelantaron que<em> \u201cen los pr\u00f3ximos 15 d\u00edas habr\u00e1 novedades\u201d<\/em> sobre nuevos m\u00f3viles y personal.<\/strong><\/p>\n<p>&nbsp;<\/p>\n<p>Mediante un comunicado, explicaron que el jueves <em>\u201crecibimos la novedad de que se ha retirado un m\u00f3vil de la Patrulla Rural de nuestro partido\u201d<\/em>. Esto,<strong> en el marco del constante pedido de la entidad de reforzar de infraestructura la dependencia policial rural.<\/strong><\/p>\n<p>&nbsp;<\/p>\n<blockquote><p>\u201cA ra\u00edz de ello, miembros de la subcomisi\u00f3n de seguridad de SRO se pusieron en contacto con el jefe de la Superintendencia de Seguridad Rural de la Polic\u00eda Bonaerense, Crio. Gral. Ignacio Rosales\u201d a\u00f1adieron.<\/p><\/blockquote>\n<p>&nbsp;<\/p>\n<p>El funcionario, tras el di\u00e1logo entablado con la entidad rural<strong><em> \u201cconfirm\u00f3 la noticia y explic\u00f3 que el retiro del m\u00f3vil constituye una medida provisoria para cubrir el faltante en otra zona\u201d<\/em><\/strong>.<\/p>\n<p>&nbsp;<\/p>\n<p>De todos modos, y como novedad principal,<em> \u201casegur\u00f3 que <strong>en los pr\u00f3ximos 15 d\u00edas habr\u00e1 novedades sobre nuevos m\u00f3viles y personal para la Patrulla Rural de Olavarr\u00eda<\/strong>\u201d.<\/em><\/p>\n","protected":false},"excerpt":{"rendered":"<p>La subcomisi\u00f3n de Seguridad de la Sociedad Rural se\u00f1al\u00f3 que este jueves fueron informados del retiro de un patrullero del<\/p>\n","protected":false},"author":4,"featured_media":2632,"comment_status":"closed","ping_status":"closed","sticky":false,"template":"","format":"standard","meta":{"_jetpack_memberships_contains_paid_content":false,"footnotes":""},"categories":[5,1],"tags":[],"class_list":["post-20880","post","type-post","status-publish","format-standard","has-post-thumbnail","hentry","category-informacion-general","category-portada"],"jetpack_featured_media_url":"https:\/\/i0.wp.com\/cdnoticias.com\/wp-content\/uploads\/2020\/09\/rural.jpg?fit=1168%2C572&ssl=1","jetpack_sharing_enabled":true,"_links":{"self":[{"href":"https:\/\/cdnoticias.com\/index.php\/wp-json\/wp\/v2\/posts\/20880","targetHints":{"allow":["GET"]}}],"collection":[{"href":"https:\/\/cdnoticias.com\/index.php\/wp-json\/wp\/v2\/posts"}],"about":[{"href":"https:\/\/cdnoticias.com\/index.php\/wp-json\/wp\/v2\/types\/post"}],"author":[{"embeddable":true,"href":"https:\/\/cdnoticias.com\/index.php\/wp-json\/wp\/v2\/users\/4"}],"replies":[{"embeddable":true,"href":"https:\/\/cdnoticias.com\/index.php\/wp-json\/wp\/v2\/comments?post=20880"}],"version-history":[{"count":0,"href":"https:\/\/cdnoticias.com\/index.php\/wp-json\/wp\/v2\/posts\/20880\/revisions"}],"wp:featuredmedia":[{"embeddable":true,"href":"https:\/\/cdnoticias.com\/index.php\/wp-json\/wp\/v2\/media\/2632"}],"wp:attachment":[{"href":"https:\/\/cdnoticias.com\/index.php\/wp-json\/wp\/v2\/media?parent=20880"}],"wp:term":[{"taxonomy":"category","embeddable":true,"href":"https:\/\/cdnoticias.com\/index.php\/wp-json\/wp\/v2\/categories?post=20880"},{"taxonomy":"post_tag","embeddable":true,"href":"https:\/\/cdnoticias.com\/index.php\/wp-json\/wp\/v2\/tags?post=20880"}],"curies":[{"name":"wp","href":"https:\/\/api.w.org\/{rel}","templated":true}]}}