{"id":20868,"date":"2021-05-07T09:03:01","date_gmt":"2021-05-07T12:03:01","guid":{"rendered":"http:\/\/www.centraldenoticias.com.ar\/?p=20868"},"modified":"2021-05-07T09:03:01","modified_gmt":"2021-05-07T12:03:01","slug":"intentaron-robar-dinero-de-un-auto-pero-el-propietario-los-retuvo","status":"publish","type":"post","link":"https:\/\/cdnoticias.com\/index.php\/2021\/05\/07\/intentaron-robar-dinero-de-un-auto-pero-el-propietario-los-retuvo\/","title":{"rendered":"Intentaron robar dinero de un auto, pero el propietario los retuvo"},"content":{"rendered":"<p>Dos adolescentes terminaron aprehendidos. Ocurri\u00f3 hacia la medianoche en Yrigoyen y Alberdi.<!--more--><\/p>\n<hr \/>\n<p><strong>Un hombre retuvo a dos adolescentes quienes, instantes antes, hab\u00edan forzado la puerta de su veh\u00edculo para sustraerle dinero en efectivo del interior<\/strong>.<\/p>\n<p>&nbsp;<\/p>\n<p>El caso se dio hacia la medianoche <strong>en Yrigoyen y Alberdi<\/strong>. All\u00ed fueron convocados los efectivos del Comando de Patrullas y de la Comisar\u00eda Primera.<\/p>\n<p>&nbsp;<\/p>\n<p>El hombre dio aviso al 911 de lo sucedido: <strong>ten\u00eda reducidos a dos j\u00f3venes de 15 y 16 a\u00f1os.<\/strong> Inform\u00f3 que adem\u00e1s <strong>hab\u00edan causado da\u00f1os en el interior del veh\u00edculo y que hab\u00eda un tercer participante<\/strong> del il\u00edcito.<\/p>\n<p>&nbsp;<\/p>\n<p>El personal policial rastrill\u00f3 las inmediaciones para dar con el tercer sospechoso, pero no fue hallado.<\/p>\n<p>&nbsp;<\/p>\n<p>Hasta el lugar lleg\u00f3 tambi\u00e9n Polic\u00eda Cient\u00edfica para tomar huellas y efectuar pericias.<\/p>\n<p>&nbsp;<\/p>\n<p>Los j\u00f3venes aprehendidos fueron trasladados a la comisar\u00eda Primera donde se cumplimentaron las actuaciones de rigor y fueron entregados a sus respectivos progenitores, tal lo dispuesto por la UFI N\u00b0 17 de Azul del Fuero de Responsabilidad Penal Juvenil que tom\u00f3 intervenci\u00f3n en la causa caratulada <strong>\u201crobo in fraganti delito\u201d<\/strong>.<\/p>\n","protected":false},"excerpt":{"rendered":"<p>Dos adolescentes terminaron aprehendidos. Ocurri\u00f3 hacia la medianoche en Yrigoyen y Alberdi.<\/p>\n","protected":false},"author":4,"featured_media":20869,"comment_status":"closed","ping_status":"closed","sticky":false,"template":"","format":"standard","meta":{"_jetpack_memberships_contains_paid_content":false,"footnotes":""},"categories":[14,1],"tags":[],"class_list":["post-20868","post","type-post","status-publish","format-standard","has-post-thumbnail","hentry","category-policiales","category-portada"],"jetpack_featured_media_url":"https:\/\/i0.wp.com\/cdnoticias.com\/wp-content\/uploads\/2021\/05\/yrigoyen-y-alberdi-00.jpg?fit=800%2C445&ssl=1","jetpack_sharing_enabled":true,"_links":{"self":[{"href":"https:\/\/cdnoticias.com\/index.php\/wp-json\/wp\/v2\/posts\/20868","targetHints":{"allow":["GET"]}}],"collection":[{"href":"https:\/\/cdnoticias.com\/index.php\/wp-json\/wp\/v2\/posts"}],"about":[{"href":"https:\/\/cdnoticias.com\/index.php\/wp-json\/wp\/v2\/types\/post"}],"author":[{"embeddable":true,"href":"https:\/\/cdnoticias.com\/index.php\/wp-json\/wp\/v2\/users\/4"}],"replies":[{"embeddable":true,"href":"https:\/\/cdnoticias.com\/index.php\/wp-json\/wp\/v2\/comments?post=20868"}],"version-history":[{"count":0,"href":"https:\/\/cdnoticias.com\/index.php\/wp-json\/wp\/v2\/posts\/20868\/revisions"}],"wp:featuredmedia":[{"embeddable":true,"href":"https:\/\/cdnoticias.com\/index.php\/wp-json\/wp\/v2\/media\/20869"}],"wp:attachment":[{"href":"https:\/\/cdnoticias.com\/index.php\/wp-json\/wp\/v2\/media?parent=20868"}],"wp:term":[{"taxonomy":"category","embeddable":true,"href":"https:\/\/cdnoticias.com\/index.php\/wp-json\/wp\/v2\/categories?post=20868"},{"taxonomy":"post_tag","embeddable":true,"href":"https:\/\/cdnoticias.com\/index.php\/wp-json\/wp\/v2\/tags?post=20868"}],"curies":[{"name":"wp","href":"https:\/\/api.w.org\/{rel}","templated":true}]}}