{"id":20845,"date":"2021-05-06T18:47:01","date_gmt":"2021-05-06T21:47:01","guid":{"rendered":"http:\/\/www.centraldenoticias.com.ar\/?p=20845"},"modified":"2021-05-06T18:47:01","modified_gmt":"2021-05-06T21:47:01","slug":"pami-finalizo-la-aplicacion-de-primeras-dosis-en-instituciones-locales","status":"publish","type":"post","link":"https:\/\/cdnoticias.com\/index.php\/2021\/05\/06\/pami-finalizo-la-aplicacion-de-primeras-dosis-en-instituciones-locales\/","title":{"rendered":"PAMI finaliz\u00f3 la aplicaci\u00f3n de primeras dosis en instituciones locales"},"content":{"rendered":"<p>En la jornada de este jueves recorri\u00f3 tres entidades de nuestra ciudad, donde cerca de 80 personas fueron inmunizadas.<!--more--><\/p>\n<hr \/>\n<p>El operativo de vacunaci\u00f3n que lleva adelante <strong>PAMI recorri\u00f3 este jueves 3 instituciones y finaliz\u00f3 de este modo la aplicaci\u00f3n del primer componente de la vacuna contra el coronavirus en Olavarr\u00eda.<\/strong><\/p>\n<p>&nbsp;<\/p>\n<p><strong>Durante la jornada de vacunaci\u00f3n 78 personas fueron inoculadas con la primera dosis de la vacuna Sputnik V<\/strong>,\u00a0 de esta manera todas las residencias de nuestra ciudad han recibido la\u00a0 primera dosis y ya comenzaron a aplicar el segundo componente.<\/p>\n<p>&nbsp;<\/p>\n<p><img data-recalc-dims=\"1\" loading=\"lazy\" decoding=\"async\" class=\"alignnone size-large wp-image-20847\" src=\"https:\/\/i0.wp.com\/cdnoticias.com\/wp-content\/uploads\/2021\/05\/WhatsApp-Image-2021-05-06-at-16.12.39.jpeg?resize=800%2C479&#038;ssl=1\" alt=\"\" width=\"800\" height=\"479\" srcset=\"https:\/\/i0.wp.com\/cdnoticias.com\/wp-content\/uploads\/2021\/05\/WhatsApp-Image-2021-05-06-at-16.12.39.jpeg?resize=1024%2C613&amp;ssl=1 1024w, https:\/\/i0.wp.com\/cdnoticias.com\/wp-content\/uploads\/2021\/05\/WhatsApp-Image-2021-05-06-at-16.12.39.jpeg?resize=300%2C180&amp;ssl=1 300w, https:\/\/i0.wp.com\/cdnoticias.com\/wp-content\/uploads\/2021\/05\/WhatsApp-Image-2021-05-06-at-16.12.39.jpeg?resize=768%2C460&amp;ssl=1 768w, https:\/\/i0.wp.com\/cdnoticias.com\/wp-content\/uploads\/2021\/05\/WhatsApp-Image-2021-05-06-at-16.12.39.jpeg?w=1280&amp;ssl=1 1280w\" sizes=\"auto, (max-width: 800px) 100vw, 800px\" \/><\/p>\n<p>&nbsp;<\/p>\n<p>El dispositivo a cargo de la obra social, que trabaja de manera articulada con el gobierno provincial y nacional,\u00a0<strong> recorri\u00f3 el Centro de d\u00eda &#8220;Un d\u00eda nuevo&#8221;, Talleres protegidos y Hogar Santa Teresita.<\/strong><\/p>\n<p>&nbsp;<\/p>\n<p>Del operativo participaron Jorge Gara\u00edz, jefe local de PAMI y el Director Ejecutivo de UGL 30 de Azul, Nelson Sombra.<strong> En total PAMI lleva vacunadas 1181 personas de Olavarr\u00eda y las localidades con la primera dosis de la vacuna contra el COVID y 215 ya recibieron los dos componentes.<\/strong><\/p>\n","protected":false},"excerpt":{"rendered":"<p>En la jornada de este jueves recorri\u00f3 tres entidades de nuestra ciudad, donde cerca de 80 personas fueron inmunizadas.<\/p>\n","protected":false},"author":3,"featured_media":20846,"comment_status":"closed","ping_status":"closed","sticky":false,"template":"","format":"standard","meta":{"_jetpack_memberships_contains_paid_content":false,"footnotes":""},"categories":[5],"tags":[],"class_list":["post-20845","post","type-post","status-publish","format-standard","has-post-thumbnail","hentry","category-informacion-general"],"jetpack_featured_media_url":"https:\/\/i0.wp.com\/cdnoticias.com\/wp-content\/uploads\/2021\/05\/WhatsApp-Image-2021-05-06-at-16.12.38.jpeg?fit=1280%2C768&ssl=1","jetpack_sharing_enabled":true,"_links":{"self":[{"href":"https:\/\/cdnoticias.com\/index.php\/wp-json\/wp\/v2\/posts\/20845","targetHints":{"allow":["GET"]}}],"collection":[{"href":"https:\/\/cdnoticias.com\/index.php\/wp-json\/wp\/v2\/posts"}],"about":[{"href":"https:\/\/cdnoticias.com\/index.php\/wp-json\/wp\/v2\/types\/post"}],"author":[{"embeddable":true,"href":"https:\/\/cdnoticias.com\/index.php\/wp-json\/wp\/v2\/users\/3"}],"replies":[{"embeddable":true,"href":"https:\/\/cdnoticias.com\/index.php\/wp-json\/wp\/v2\/comments?post=20845"}],"version-history":[{"count":0,"href":"https:\/\/cdnoticias.com\/index.php\/wp-json\/wp\/v2\/posts\/20845\/revisions"}],"wp:featuredmedia":[{"embeddable":true,"href":"https:\/\/cdnoticias.com\/index.php\/wp-json\/wp\/v2\/media\/20846"}],"wp:attachment":[{"href":"https:\/\/cdnoticias.com\/index.php\/wp-json\/wp\/v2\/media?parent=20845"}],"wp:term":[{"taxonomy":"category","embeddable":true,"href":"https:\/\/cdnoticias.com\/index.php\/wp-json\/wp\/v2\/categories?post=20845"},{"taxonomy":"post_tag","embeddable":true,"href":"https:\/\/cdnoticias.com\/index.php\/wp-json\/wp\/v2\/tags?post=20845"}],"curies":[{"name":"wp","href":"https:\/\/api.w.org\/{rel}","templated":true}]}}