{"id":20791,"date":"2021-05-06T13:52:20","date_gmt":"2021-05-06T16:52:20","guid":{"rendered":"http:\/\/www.centraldenoticias.com.ar\/?p=20791"},"modified":"2021-05-06T16:27:57","modified_gmt":"2021-05-06T19:27:57","slug":"toma-de-tierras-con-vecinos-se-reune-la-mesa-de-trabajo-en-el-municipio","status":"publish","type":"post","link":"https:\/\/cdnoticias.com\/index.php\/2021\/05\/06\/toma-de-tierras-con-vecinos-se-reune-la-mesa-de-trabajo-en-el-municipio\/","title":{"rendered":"Toma de tierras: con vecinos, se re\u00fane la Mesa de Trabajo en el Municipio"},"content":{"rendered":"<p>Hubo participaci\u00f3n de todas las partes, para generar una \u201cconciliaci\u00f3n\u201d por los vecinos que ocupan terrenos en el barrio Lourdes.\u00a0<!--more--><\/p>\n<hr \/>\n<p>Este jueves por la ma\u00f1ana, en medio de reuniones y encuentros sobre varios temas, <strong>comenz\u00f3 un nuevo encuentro de la Mesa de Trabajo que debate sobre la toma de tierras del barrio Lourdes, con la participaci\u00f3n de vecinos.<\/strong><\/p>\n<p>&nbsp;<\/p>\n<p><img data-recalc-dims=\"1\" loading=\"lazy\" decoding=\"async\" class=\"alignnone size-full wp-image-20793\" src=\"https:\/\/i0.wp.com\/cdnoticias.com\/wp-content\/uploads\/2021\/05\/audiencia-toma-muni-00.jpg?resize=800%2C444&#038;ssl=1\" alt=\"\" width=\"800\" height=\"444\" srcset=\"https:\/\/i0.wp.com\/cdnoticias.com\/wp-content\/uploads\/2021\/05\/audiencia-toma-muni-00.jpg?w=800&amp;ssl=1 800w, https:\/\/i0.wp.com\/cdnoticias.com\/wp-content\/uploads\/2021\/05\/audiencia-toma-muni-00.jpg?resize=300%2C167&amp;ssl=1 300w, https:\/\/i0.wp.com\/cdnoticias.com\/wp-content\/uploads\/2021\/05\/audiencia-toma-muni-00.jpg?resize=768%2C426&amp;ssl=1 768w\" sizes=\"auto, (max-width: 800px) 100vw, 800px\" \/><\/p>\n<p>&nbsp;<\/p>\n<p>En la previa, hubo un trabajo de efectivos policiales que acompa\u00f1aron en el encuentro, <strong>con una decena de vecinos que participan de la ocupaci\u00f3n de terrenos y llegaron para la reuni\u00f3n. Del total, subieron cuatro representantes.<\/strong><\/p>\n<p>&nbsp;<\/p>\n<blockquote><p>Adem\u00e1s, participaron representantes del Poder Judicial as\u00ed como tambi\u00e9n de la Defensor\u00eda del Pueblo, con la llegada de la Secretar\u00eda de H\u00e1bitat de la entidad, a cargo de Alejandro Rusconi. Tambi\u00e9n participaron del encuentro funcionarios municipales.<\/p><\/blockquote>\n<p>&nbsp;<\/p>\n<p>El ingreso de los participantes de la reuni\u00f3n fue <strong>pasadas las 11, luego de organizar qu\u00e9 vecinos ingresar\u00edan junto a las otras partes de la Mesa de Trabajo.<\/strong><\/p>\n<p>&nbsp;<\/p>\n<p><img data-recalc-dims=\"1\" loading=\"lazy\" decoding=\"async\" class=\"alignnone size-full wp-image-20795\" src=\"https:\/\/i0.wp.com\/cdnoticias.com\/wp-content\/uploads\/2021\/05\/audiencia-toma-muni-02.jpg?resize=800%2C445&#038;ssl=1\" alt=\"\" width=\"800\" height=\"445\" srcset=\"https:\/\/i0.wp.com\/cdnoticias.com\/wp-content\/uploads\/2021\/05\/audiencia-toma-muni-02.jpg?w=800&amp;ssl=1 800w, https:\/\/i0.wp.com\/cdnoticias.com\/wp-content\/uploads\/2021\/05\/audiencia-toma-muni-02.jpg?resize=300%2C167&amp;ssl=1 300w, https:\/\/i0.wp.com\/cdnoticias.com\/wp-content\/uploads\/2021\/05\/audiencia-toma-muni-02.jpg?resize=768%2C427&amp;ssl=1 768w\" sizes=\"auto, (max-width: 800px) 100vw, 800px\" \/><\/p>\n<p>&nbsp;<\/p>\n<p>Esta reuni\u00f3n \u201cconciliatoria\u201d est\u00e1 otorgada por el <strong>protocolo de actuaci\u00f3n emitido por la Suprema Corte de la Provincia, que indica una serie de acciones para el tratamiento de este tipo de tem\u00e1ticas con un grupo numeroso de personas en situaci\u00f3n de vulnerabilidad.<\/strong><\/p>\n","protected":false},"excerpt":{"rendered":"<p>Hubo participaci\u00f3n de todas las partes, para generar una \u201cconciliaci\u00f3n\u201d por los vecinos que ocupan terrenos en el barrio Lourdes.\u00a0<\/p>\n","protected":false},"author":2,"featured_media":20794,"comment_status":"closed","ping_status":"closed","sticky":false,"template":"","format":"standard","meta":{"_jetpack_memberships_contains_paid_content":false,"footnotes":""},"categories":[5,1],"tags":[],"class_list":["post-20791","post","type-post","status-publish","format-standard","has-post-thumbnail","hentry","category-informacion-general","category-portada"],"jetpack_featured_media_url":"https:\/\/i0.wp.com\/cdnoticias.com\/wp-content\/uploads\/2021\/05\/audiencia-toma-muni-01.jpg?fit=800%2C445&ssl=1","jetpack_sharing_enabled":true,"_links":{"self":[{"href":"https:\/\/cdnoticias.com\/index.php\/wp-json\/wp\/v2\/posts\/20791","targetHints":{"allow":["GET"]}}],"collection":[{"href":"https:\/\/cdnoticias.com\/index.php\/wp-json\/wp\/v2\/posts"}],"about":[{"href":"https:\/\/cdnoticias.com\/index.php\/wp-json\/wp\/v2\/types\/post"}],"author":[{"embeddable":true,"href":"https:\/\/cdnoticias.com\/index.php\/wp-json\/wp\/v2\/users\/2"}],"replies":[{"embeddable":true,"href":"https:\/\/cdnoticias.com\/index.php\/wp-json\/wp\/v2\/comments?post=20791"}],"version-history":[{"count":0,"href":"https:\/\/cdnoticias.com\/index.php\/wp-json\/wp\/v2\/posts\/20791\/revisions"}],"wp:featuredmedia":[{"embeddable":true,"href":"https:\/\/cdnoticias.com\/index.php\/wp-json\/wp\/v2\/media\/20794"}],"wp:attachment":[{"href":"https:\/\/cdnoticias.com\/index.php\/wp-json\/wp\/v2\/media?parent=20791"}],"wp:term":[{"taxonomy":"category","embeddable":true,"href":"https:\/\/cdnoticias.com\/index.php\/wp-json\/wp\/v2\/categories?post=20791"},{"taxonomy":"post_tag","embeddable":true,"href":"https:\/\/cdnoticias.com\/index.php\/wp-json\/wp\/v2\/tags?post=20791"}],"curies":[{"name":"wp","href":"https:\/\/api.w.org\/{rel}","templated":true}]}}