{"id":20778,"date":"2021-05-06T10:54:55","date_gmt":"2021-05-06T13:54:55","guid":{"rendered":"http:\/\/www.centraldenoticias.com.ar\/?p=20778"},"modified":"2021-05-06T11:06:11","modified_gmt":"2021-05-06T14:06:11","slug":"medida-nacional-de-periodistas-por-recomposicion-salarial-con-impacto-en-olavarria","status":"publish","type":"post","link":"https:\/\/cdnoticias.com\/index.php\/2021\/05\/06\/medida-nacional-de-periodistas-por-recomposicion-salarial-con-impacto-en-olavarria\/","title":{"rendered":"Medida nacional de periodistas por recomposici\u00f3n salarial con impacto en Olavarr\u00eda"},"content":{"rendered":"<div id=\"fb-root\"><\/div>\n<p><script async defer crossorigin=\"anonymous\" src=\"https:\/\/connect.facebook.net\/es_LA\/sdk.js#xfbml=1&#038;version=v10.0\" nonce=\"vFTbTN07\"><\/script><\/p>\n<p>Es un paro por 24 horas que se lleva adelante este jueves impulsado por la Federaci\u00f3n Argentina de Trabajadores de Prensa (Fatpren). En nuestra ciudad hay adhesi\u00f3n de los trabajadores de El Popular.<!--more--><\/p>\n<hr \/>\n<p><strong>La Federaci\u00f3n Argentina de Trabajadores de Prensa (Fatpren) comenz\u00f3 desde la medianoche del este jueves un paro nacional en reclamo de recomposici\u00f3n salarial a la c\u00e1mara que nuclea a los diarios del interior, ADIRA<\/strong>.<\/p>\n<p>&nbsp;<\/p>\n<p>La medida cuenta con adhesi\u00f3n en medios de 14 provincias y<strong> tambi\u00e9n en Olavarr\u00eda tendr\u00e1 impacto: trabajadores de El Popular Medios afiliados a Fatpren se plegaron al paro<\/strong>.<\/p>\n<p>&nbsp;<\/p>\n<blockquote class=\"twitter-tweet\">\n<p dir=\"ltr\" lang=\"es\"><a href=\"https:\/\/twitter.com\/hashtag\/6M?src=hash&amp;ref_src=twsrc%5Etfw\">#6M<\/a> FATPREN y sindicatos de prensa vamos al paro por 24 hs \ud83d\udce2<br \/>\n\u00a1Basta de salarios de pobreza!<br \/>\n\u00a1Exigimos a ADIRA una recomposici\u00f3n salarial YA!<\/p>\n<p>\ud83d\udccc HOY <a href=\"https:\/\/twitter.com\/hashtag\/6m?src=hash&amp;ref_src=twsrc%5Etfw\">#6m<\/a> 10.30hs Conferencia de Prensa (seguila en vivo por nuestra fan page)<br \/>\nLe\u00e9 el comunicado completo \ud83d\udc49 <a href=\"https:\/\/t.co\/E7GfeEYgfQ\">https:\/\/t.co\/E7GfeEYgfQ<\/a> <a href=\"https:\/\/t.co\/QGaj2iLaBJ\">pic.twitter.com\/QGaj2iLaBJ<\/a><\/p>\n<p>\u2014 Prensa FATPREN (@PrensaFATPREN) <a href=\"https:\/\/twitter.com\/PrensaFATPREN\/status\/1390290243245461513?ref_src=twsrc%5Etfw\">May 6, 2021<\/a><\/p><\/blockquote>\n<p><script async src=\"https:\/\/platform.twitter.com\/widgets.js\" charset=\"utf-8\"><\/script><\/p>\n<p>El <strong>secretario adjunto de la Asociaci\u00f3n de Periodistas de Olavarr\u00eda, Andr\u00e9s Pellegrini<\/strong>, explic\u00f3 que se busca una \u201crespuesta salarial satisfactoria por parte de ADIRA\u201d. La negociaci\u00f3n salarial ya comenz\u00f3 y<strong> \u201chasta el momento la respuesta es insuficiente, se ofrece un 13% de aumento salarial desglosado en dos tramos\u201d<\/strong> detall\u00f3.<\/p>\n<p>&nbsp;<\/p>\n<blockquote><p>\u201cPor esto la raz\u00f3n la medida incluye a los trabajadores de prensa de todo el pa\u00eds, a nivel local hay un n\u00famero importante de periodistas que adhieren pertenecientes a El Popular Medios. La medida incluye presencia en el lugar de trabajo sin realizaci\u00f3n de tareas\u201d indic\u00f3.<\/p><\/blockquote>\n<p>&nbsp;<\/p>\n<div class=\"fb-post\" data-href=\"https:\/\/www.facebook.com\/apodeolavarria\/posts\/2829209107318182\" data-width=\"500\" data-show-text=\"true\">\n<blockquote class=\"fb-xfbml-parse-ignore\" cite=\"https:\/\/www.facebook.com\/apodeolavarria\/posts\/2829209107318182\"><p>\ud83d\udea8 Los trabajadores de Diario El Popular se suman a la medida de fuerza nacional para reclamar PARITARIAS YA!<\/p>\n<p>Paritaria&#8230;<\/p>\n<p>Publicado por <a href=\"https:\/\/www.facebook.com\/apodeolavarria\/\">Asociaci\u00f3n de Periodistas de Olavarr\u00eda<\/a> en\u00a0<a href=\"https:\/\/www.facebook.com\/apodeolavarria\/posts\/2829209107318182\">Jueves, 6 de mayo de 2021<\/a><\/p><\/blockquote>\n<\/div>\n<p>&nbsp;<\/p>\n<p>En la convocatoria a la medida de fuerza, <strong>Fatpren expres\u00f3: \u201clos representantes de las empresas mantuvieron propuestas miserables que mantienen y agravan la p\u00e9rdida de poder adquisitivo para las y los trabajadores<\/strong>, a pesar de que fuimos <strong>considerados esenciales desde el primer d\u00eda de la pandemia<\/strong> y sostuvimos nuestras tareas, muchas veces en la primera l\u00ednea y con una gran exposici\u00f3n para garantizar el derecho a la informaci\u00f3n\u201d.<\/p>\n<p>&nbsp;<\/p>\n<p>A nivel nacional se expresaron apoyos y respaldos a la medida de fuerza por parte de numerosos sindicatos, gremios y federaciones entre ellos, de Canillitas, CTA, Federaci\u00f3n Gr\u00e1fica, CGT y Sindicato de Televisi\u00f3n.<\/p>\n","protected":false},"excerpt":{"rendered":"<p>Es un paro por 24 horas que se lleva adelante este jueves impulsado por la Federaci\u00f3n Argentina de Trabajadores de<\/p>\n","protected":false},"author":4,"featured_media":20783,"comment_status":"closed","ping_status":"closed","sticky":false,"template":"","format":"standard","meta":{"_jetpack_memberships_contains_paid_content":false,"footnotes":""},"categories":[5,1],"tags":[],"class_list":["post-20778","post","type-post","status-publish","format-standard","has-post-thumbnail","hentry","category-informacion-general","category-portada"],"jetpack_featured_media_url":"https:\/\/i0.wp.com\/cdnoticias.com\/wp-content\/uploads\/2021\/05\/fatpren-paro.jpg?fit=800%2C444&ssl=1","jetpack_sharing_enabled":true,"_links":{"self":[{"href":"https:\/\/cdnoticias.com\/index.php\/wp-json\/wp\/v2\/posts\/20778","targetHints":{"allow":["GET"]}}],"collection":[{"href":"https:\/\/cdnoticias.com\/index.php\/wp-json\/wp\/v2\/posts"}],"about":[{"href":"https:\/\/cdnoticias.com\/index.php\/wp-json\/wp\/v2\/types\/post"}],"author":[{"embeddable":true,"href":"https:\/\/cdnoticias.com\/index.php\/wp-json\/wp\/v2\/users\/4"}],"replies":[{"embeddable":true,"href":"https:\/\/cdnoticias.com\/index.php\/wp-json\/wp\/v2\/comments?post=20778"}],"version-history":[{"count":0,"href":"https:\/\/cdnoticias.com\/index.php\/wp-json\/wp\/v2\/posts\/20778\/revisions"}],"wp:featuredmedia":[{"embeddable":true,"href":"https:\/\/cdnoticias.com\/index.php\/wp-json\/wp\/v2\/media\/20783"}],"wp:attachment":[{"href":"https:\/\/cdnoticias.com\/index.php\/wp-json\/wp\/v2\/media?parent=20778"}],"wp:term":[{"taxonomy":"category","embeddable":true,"href":"https:\/\/cdnoticias.com\/index.php\/wp-json\/wp\/v2\/categories?post=20778"},{"taxonomy":"post_tag","embeddable":true,"href":"https:\/\/cdnoticias.com\/index.php\/wp-json\/wp\/v2\/tags?post=20778"}],"curies":[{"name":"wp","href":"https:\/\/api.w.org\/{rel}","templated":true}]}}