{"id":2072,"date":"2020-09-21T16:43:45","date_gmt":"2020-09-21T19:43:45","guid":{"rendered":"http:\/\/www.centraldenoticias.com.ar\/?p=2072"},"modified":"2020-09-21T18:10:48","modified_gmt":"2020-09-21T21:10:48","slug":"incendio-en-cerro-largo-las-condiciones-climaticas-no-daban-para-que-se-prenda-solo","status":"publish","type":"post","link":"https:\/\/cdnoticias.com\/index.php\/2020\/09\/21\/incendio-en-cerro-largo-las-condiciones-climaticas-no-daban-para-que-se-prenda-solo\/","title":{"rendered":"Incendio en Cerro Largo: \u201clas condiciones  clim\u00e1ticas no daban para que se prenda solo\u201d"},"content":{"rendered":"<p><strong>Central de Noticias<\/strong> dialog\u00f3 con el oficial de dotaci\u00f3n Jorge Del R\u00edo, jefe del Destacamento de bomberos voluntarios de Sierras Bayas. \u201cHab\u00eda mucha gente arriba, gente que no deber\u00eda haber estado en el lugar\u201d, se quej\u00f3.<\/p>\n<hr \/>\n<p>&nbsp;<\/p>\n<p><strong>\u201cCon las condiciones clim\u00e1ticas que hubo no era para que se prendiera solo\u201d.<\/strong> La afirmaci\u00f3n corresponde nada m\u00e1s y nada menos que al oficial de dotaci\u00f3n Jorge Del R\u00edo, jefe del Destacamento de Bomberos Voluntarios de Sierras Bayas, quien dialog\u00f3 con <em><strong>Central de Noticias<\/strong><\/em> sobre el voraz incendio que se desat\u00f3 en la tarde del \u00faltimo domingo en la zona del Cerro Largo. \u201cTengo 31 a\u00f1os de servicio, imag\u00ednate si habr\u00e9 visto incendios\u201d, a\u00f1adi\u00f3 para dejar a\u00fan m\u00e1s en claro su postura que el inicio de las llamas fue intencional.<\/p>\n<p>&nbsp;<\/p>\n<p>Seg\u00fan precis\u00f3 Del R\u00edo todo se inici\u00f3 alrededor de las 18 pero el dato quiz\u00e1s m\u00e1s revelador para dar cuenta de la dimensi\u00f3n del siniestro es que<strong> las tareas por parte de bomberos culminaron reci\u00e9n este lunes en horas del mediod\u00eda<\/strong>. Vale destacar que durante la noche las llamas pod\u00edan verse con claridad desde nuestra ciudad. Estim\u00f3 que<strong> alrededor de 30 hect\u00e1reas resultaron afectadas por el fuego.<\/strong><\/p>\n<p>&nbsp;<\/p>\n<figure id=\"attachment_2074\" aria-describedby=\"caption-attachment-2074\" style=\"width: 800px\" class=\"wp-caption alignnone\"><img data-recalc-dims=\"1\" loading=\"lazy\" decoding=\"async\" class=\"wp-image-2074 size-large\" src=\"https:\/\/i0.wp.com\/cdnoticias.com\/wp-content\/uploads\/2020\/09\/incendio2-1.jpg?resize=800%2C438&#038;ssl=1\" alt=\"\" width=\"800\" height=\"438\" srcset=\"https:\/\/i0.wp.com\/cdnoticias.com\/wp-content\/uploads\/2020\/09\/incendio2-1.jpg?resize=1024%2C560&amp;ssl=1 1024w, https:\/\/i0.wp.com\/cdnoticias.com\/wp-content\/uploads\/2020\/09\/incendio2-1.jpg?resize=300%2C164&amp;ssl=1 300w, https:\/\/i0.wp.com\/cdnoticias.com\/wp-content\/uploads\/2020\/09\/incendio2-1.jpg?resize=768%2C420&amp;ssl=1 768w, https:\/\/i0.wp.com\/cdnoticias.com\/wp-content\/uploads\/2020\/09\/incendio2-1.jpg?w=1178&amp;ssl=1 1178w\" sizes=\"auto, (max-width: 800px) 100vw, 800px\" \/><figcaption id=\"caption-attachment-2074\" class=\"wp-caption-text\">Gentileza Bomberos Voluntarios<\/figcaption><\/figure>\n<p>&nbsp;<\/p>\n<p><strong>\u201cDetr\u00e1s de Monte Pelloni y entre la pared de piedra de Cerro Largo, ah\u00ed hab\u00edan prendido fuego, las condiciones clim\u00e1ticas no daban para que se prenda solo\u201d<\/strong>, relat\u00f3 Del R\u00edo a medida que daba cuenta de las temperaturas m\u00ednima y m\u00e1xima previstas para ayer. \u201cCon las condiciones clim\u00e1ticas que hubo no era para que se prendiera solo\u201d, insisti\u00f3.<\/p>\n<p>&nbsp;<\/p>\n<p>\u201cTampoco vi a nadie prender fuego, pero hab\u00eda gente en la parte alta de Cerro Largo, gente dentro del predio de Monte Pelloni\u2026\u201d, comenz\u00f3 a enumerar e inclusive relat\u00f3 c\u00f3mo al momento de su arribo al lugar vio c\u00f3mo personal policial aparentemente infraccionaba a una persona que deambulaba por la zona. <strong>\u201cCon esto no te digo que esa persona es la que haya iniciado el fuego, pero no deber\u00eda estar en el lugar\u201d<\/strong>, enfatiz\u00f3.<\/p>\n<p>&nbsp;<\/p>\n<blockquote><p>Trabajaron en total cuatro dotaciones, dos del destacamento de Sierras Bayas y otras de nuestra ciudad que concurrieron en apoyo<\/p><\/blockquote>\n<p>&nbsp;<\/p>\n<p><strong>\u201cNo s\u00e9 si lo arrancaron de arriba para abajo, o de abajo para arriba, pero hab\u00eda\u00a0 gente en los dos lados, mucha gente dando vueltas, deambulando<\/strong>. Ya te digo, con la temperatura que hizo en Olavarr\u00eda no es para que eso se inicie de forma natural\u201d, reiter\u00f3.<\/p>\n<p>&nbsp;<\/p>\n<p>Por \u00faltimo no quiso dejar pasar la ocasi\u00f3n para <strong>agradecer y enaltecer la labor realizada por sus pares, quien no solo estuvieron horas y horas combatiendo las llamas, sino adem\u00e1s por la dificultad de esa tarea teniendo en cuenta el sitio donde sucedi\u00f3<\/strong>. En ese sentido, Del Rio detall\u00f3 que se trat\u00f3 de un lugar que no es accesible, por lo que muchas tareas debieron hacerse a pie y utilizando herramientas de mano.<\/p>\n","protected":false},"excerpt":{"rendered":"<p>Central de Noticias dialog\u00f3 con el oficial de dotaci\u00f3n Jorge Del R\u00edo, jefe del Destacamento de bomberos voluntarios de Sierras<\/p>\n","protected":false},"author":3,"featured_media":2073,"comment_status":"closed","ping_status":"closed","sticky":false,"template":"","format":"standard","meta":{"_jetpack_memberships_contains_paid_content":false,"footnotes":""},"categories":[5,1],"tags":[],"class_list":["post-2072","post","type-post","status-publish","format-standard","has-post-thumbnail","hentry","category-informacion-general","category-portada"],"jetpack_featured_media_url":"https:\/\/i0.wp.com\/cdnoticias.com\/wp-content\/uploads\/2020\/09\/incendio-1.jpg?fit=1366%2C714&ssl=1","jetpack_sharing_enabled":true,"_links":{"self":[{"href":"https:\/\/cdnoticias.com\/index.php\/wp-json\/wp\/v2\/posts\/2072","targetHints":{"allow":["GET"]}}],"collection":[{"href":"https:\/\/cdnoticias.com\/index.php\/wp-json\/wp\/v2\/posts"}],"about":[{"href":"https:\/\/cdnoticias.com\/index.php\/wp-json\/wp\/v2\/types\/post"}],"author":[{"embeddable":true,"href":"https:\/\/cdnoticias.com\/index.php\/wp-json\/wp\/v2\/users\/3"}],"replies":[{"embeddable":true,"href":"https:\/\/cdnoticias.com\/index.php\/wp-json\/wp\/v2\/comments?post=2072"}],"version-history":[{"count":0,"href":"https:\/\/cdnoticias.com\/index.php\/wp-json\/wp\/v2\/posts\/2072\/revisions"}],"wp:featuredmedia":[{"embeddable":true,"href":"https:\/\/cdnoticias.com\/index.php\/wp-json\/wp\/v2\/media\/2073"}],"wp:attachment":[{"href":"https:\/\/cdnoticias.com\/index.php\/wp-json\/wp\/v2\/media?parent=2072"}],"wp:term":[{"taxonomy":"category","embeddable":true,"href":"https:\/\/cdnoticias.com\/index.php\/wp-json\/wp\/v2\/categories?post=2072"},{"taxonomy":"post_tag","embeddable":true,"href":"https:\/\/cdnoticias.com\/index.php\/wp-json\/wp\/v2\/tags?post=2072"}],"curies":[{"name":"wp","href":"https:\/\/api.w.org\/{rel}","templated":true}]}}