{"id":20665,"date":"2021-05-04T19:10:36","date_gmt":"2021-05-04T22:10:36","guid":{"rendered":"http:\/\/www.centraldenoticias.com.ar\/?p=20665"},"modified":"2021-05-04T19:10:36","modified_gmt":"2021-05-04T22:10:36","slug":"jornadas-de-actualizacion-en-proceso-penal-desde-el-colegio-departamental-de-abogados","status":"publish","type":"post","link":"https:\/\/cdnoticias.com\/index.php\/2021\/05\/04\/jornadas-de-actualizacion-en-proceso-penal-desde-el-colegio-departamental-de-abogados\/","title":{"rendered":"Jornadas de \u201cactualizaci\u00f3n\u201d en Proceso Penal desde el Colegio Departamental de Abogados"},"content":{"rendered":"<p>Se iniciaron el \u00faltimo lunes y ser\u00e1n en total cuatro encuentros. Los detalles.<!--more--><\/p>\n<hr \/>\n<p>Dio comienzo el pasado lunes el <strong>ciclo de actualizaci\u00f3n sobre Proceso Penal Bonaerense que organiza el Colegio de Abogados del Departamento Judicial de Azul y cuenta con la coordinaci\u00f3n general de Nicol\u00e1s Vargas, defensor P\u00fablico coadyuvante en la Defensor\u00eda General de la Naci\u00f3n<\/strong>. La propuesta se extender\u00e1 hasta fin de este mes y comprende 4 encuentros en los que se abordar\u00e1n algunos aspectos claves de la tem\u00e1tica.<\/p>\n<p>&nbsp;<\/p>\n<p><strong>\u201cEste ciclo es de vital importancia si analizamos el c\u00famulo de jurisprudencia en relaci\u00f3n a sentencias y resoluciones judiciales que se han llevado adelante, en los \u00faltimos tiempos, en el servicio de administraci\u00f3n de justicia de la Provincia en el fuero en cuesti\u00f3n. El derecho penal tiene sus principios y particularidades, como todas las dem\u00e1s ramas que existen, por esa raz\u00f3n es oportuno volver sobre algunos puntos que hacen a la interpretaci\u00f3n de la ley, doctrina y jurisprudencia especializada\u201d<\/strong>, sostiene Gast\u00f3n Argeri, presidente del Colegio de Abogados Departamental.<\/p>\n<p>&nbsp;<\/p>\n<p><img data-recalc-dims=\"1\" loading=\"lazy\" decoding=\"async\" class=\"alignnone size-large wp-image-775\" src=\"https:\/\/i0.wp.com\/cdnoticias.com\/wp-content\/uploads\/2020\/09\/Dr.-Gast%C3%B3n-Argeri-Pte.-CAA-1024x682.jpeg?resize=800%2C533&#038;ssl=1\" alt=\"\" width=\"800\" height=\"533\" srcset=\"https:\/\/i0.wp.com\/cdnoticias.com\/wp-content\/uploads\/2020\/09\/Dr.-Gast%C3%B3n-Argeri-Pte.-CAA.jpeg?resize=1024%2C682&amp;ssl=1 1024w, https:\/\/i0.wp.com\/cdnoticias.com\/wp-content\/uploads\/2020\/09\/Dr.-Gast%C3%B3n-Argeri-Pte.-CAA.jpeg?resize=300%2C200&amp;ssl=1 300w, https:\/\/i0.wp.com\/cdnoticias.com\/wp-content\/uploads\/2020\/09\/Dr.-Gast%C3%B3n-Argeri-Pte.-CAA.jpeg?resize=768%2C512&amp;ssl=1 768w, https:\/\/i0.wp.com\/cdnoticias.com\/wp-content\/uploads\/2020\/09\/Dr.-Gast%C3%B3n-Argeri-Pte.-CAA.jpeg?resize=272%2C182&amp;ssl=1 272w, https:\/\/i0.wp.com\/cdnoticias.com\/wp-content\/uploads\/2020\/09\/Dr.-Gast%C3%B3n-Argeri-Pte.-CAA.jpeg?w=1280&amp;ssl=1 1280w\" sizes=\"auto, (max-width: 800px) 100vw, 800px\" \/><\/p>\n<p>&nbsp;<\/p>\n<p>Concebido desde esta perspectiva de actualizaci\u00f3n permanente y gratuita para matriculados y matriculadas del CAA, Nicol\u00e1s Vargas coordina una nueva capacitaci\u00f3n, en un espacio con las voces de especialistas en la materia penal.<\/p>\n<p>&nbsp;<\/p>\n<p><strong>\u00bfCu\u00e1les son los principales ejes del ciclo de actualizaci\u00f3n?<\/strong><\/p>\n<p>&nbsp;<\/p>\n<p>El eje principal en torno al cual gira el curso es el proceso penal bonaerense. Vale aclarar que, trat\u00e1ndose de una tem\u00e1tica tan amplia, hemos realizado una selecci\u00f3n de algunos temas que consideramos importantes para trabajar, en funci\u00f3n de lo que implica litigar en el fuero penal.<\/p>\n<p>&nbsp;<\/p>\n<p>Una parte del curso est\u00e1 orientada a retomar un tema que siempre est\u00e1 en discusi\u00f3n y que hace al ejercicio de la abogac\u00eda del fuero penal: el derecho que tiene toda persona imputada, en principio, a transitar el proceso penal en libertad, lo cual constituye una de las grandes deudas de nuestro proceso de administraci\u00f3n de justicia, en virtud del \u2013a mi criterio- uso extendido de la prisi\u00f3n preventiva.<\/p>\n<p>&nbsp;<\/p>\n<p>En muchos casos, la persona sometida a un proceso penal permanece privada de su libertad durante mucho tiempo, antes de que sea condenada o absuelta en un juicio. En virtud de la presunci\u00f3n o estado de inocencia que surge del art\u00edculo 18 de la Constituci\u00f3n Nacional, todos los habitantes son inocentes hasta que una sentencia firme demuestre lo contrario.<\/p>\n<p>&nbsp;<\/p>\n<p>Uno de los puntos clave a evaluar, entonces, es en qu\u00e9 situaciones se debe aplicar la prisi\u00f3n preventiva, partiendo de lo que establece el estado de derecho y las garant\u00edas. La prisi\u00f3n preventiva deber\u00eda ser aplicada de modo excepcional, como \u00faltima medida, en caso de que la persona sometida a proceso intente fugarse o entorpecer el desarrollo de la investigaci\u00f3n. Sin embargo, se ha constituido en la regla de algunos operadores judiciales y, si sometemos este criterio a lo que se considera ajustado al estado de derecho y el respeto de las garant\u00edas, resulta desacertado.<\/p>\n<p>&nbsp;<\/p>\n<p><img data-recalc-dims=\"1\" loading=\"lazy\" decoding=\"async\" class=\"alignnone size-large wp-image-778\" src=\"https:\/\/i0.wp.com\/cdnoticias.com\/wp-content\/uploads\/2020\/09\/curso-jurisprudencia.jpg?resize=800%2C800&#038;ssl=1\" alt=\"\" width=\"800\" height=\"800\" srcset=\"https:\/\/i0.wp.com\/cdnoticias.com\/wp-content\/uploads\/2020\/09\/curso-jurisprudencia.jpg?resize=1024%2C1024&amp;ssl=1 1024w, https:\/\/i0.wp.com\/cdnoticias.com\/wp-content\/uploads\/2020\/09\/curso-jurisprudencia.jpg?resize=150%2C150&amp;ssl=1 150w, https:\/\/i0.wp.com\/cdnoticias.com\/wp-content\/uploads\/2020\/09\/curso-jurisprudencia.jpg?resize=300%2C300&amp;ssl=1 300w, https:\/\/i0.wp.com\/cdnoticias.com\/wp-content\/uploads\/2020\/09\/curso-jurisprudencia.jpg?resize=768%2C768&amp;ssl=1 768w, https:\/\/i0.wp.com\/cdnoticias.com\/wp-content\/uploads\/2020\/09\/curso-jurisprudencia.jpg?w=1081&amp;ssl=1 1081w\" sizes=\"auto, (max-width: 800px) 100vw, 800px\" \/><\/p>\n<p>&nbsp;<\/p>\n<p>Otro tramo del curso est\u00e1 orientado a pensar el juicio oral, una de las instancias m\u00e1s importantes del proceso. El an\u00e1lisis se concentra en dos de sus aspectos: por un lado, como un espacio estrat\u00e9gico para trabajar el caso y, por otro lado, echando una mirada sobre la etapa intermedia, anterior al juicio, donde las partes tienen que trabajar para llegar al juicio del mejor modo posible. Tambi\u00e9n abordaremos el desarrollo del juicio oral en s\u00ed mismo, con todos los desaf\u00edos que ello implica.<\/p>\n<p>&nbsp;<\/p>\n<p>Por \u00faltimo, dedicaremos un encuentro al litigo con perspectiva de g\u00e9nero, una cuesti\u00f3n importante, tanto por las justificadas demandas actuales como tambi\u00e9n por la necesidad y obligaci\u00f3n de los profesionales. Todos los que formamos parte de la administraci\u00f3n de justicia tenemos que involucrarnos para poder hacer propia la perspectiva de g\u00e9nero en nuestro trabajo.<\/p>\n<p><strong>\u00a0<\/strong><\/p>\n<p><strong>\u00a0<\/strong><strong>\u00bfCu\u00e1les son las demandas m\u00e1s urgentes del fuero penal para mejorar el servicio de justicia?<\/strong><\/p>\n<p>Creo que existe una demanda generalizada en torno a la administraci\u00f3n del servicio de justicia y particularmente, pero no s\u00f3lo, a la administraci\u00f3n de justicia penal, para que el sistema judicial pueda gestionar los conflictos que trata, dar respuestas a tiempo y garantizar los derechos de las personas juzgadas y acusadas de cometer un delito. Pero tambi\u00e9n es necesario avanzar en las tutelas afectivas a las v\u00edctimas. La principal demanda gira en torno a esos puntos, aunque luego asuma algunas caracter\u00edsticas particulares, seg\u00fan el tipo de conflicto que se trate.<\/p>\n<p>&nbsp;<\/p>\n<p><strong>\u00bfA qui\u00e9nes est\u00e1 dirigido el curso?<\/strong><\/p>\n<p>A todos los abogados y abogadas que integran el Departamento Judicial de Azul pero tambi\u00e9n invitamos a profesionales de otras jurisdicciones que tenga alg\u00fan v\u00ednculo con el proceso penal bonaerense.<\/p>\n<p><strong>\u00a0<\/strong><\/p>\n<p><strong>El programa<\/strong><\/p>\n<p>\u201cLa etapa Intermedia\u201d, a cargo del Dr. Alejandro Cascio. Juez de la C\u00e1mara de Apelaciones y Garant\u00edas del Departamento Judicial de Quilmes<\/p>\n<p>\u201cEl derecho a transitar el proceso penal en libertad&#8221;, a cargo del Dr. Diego Lucas Fern\u00e1ndez. Defensor General del Departamento Judicial de Azul<\/p>\n<p>\u201cEl juicio oral\u201d, a cargo del Dr. Edgardo Salatino. Juez Correccional del Departamento Judicial de Quilmes<\/p>\n<p>\u201cLitigar con perspectiva de g\u00e9nero\u201d, a cargo de la Dra. Daniela Bersi. Fiscal ante el Tribunal de Casaci\u00f3n Penal de la Provincia de Buenos Aires.<\/p>\n<p>&nbsp;<\/p>\n","protected":false},"excerpt":{"rendered":"<p>Se iniciaron el \u00faltimo lunes y ser\u00e1n en total cuatro encuentros. Los detalles.<\/p>\n","protected":false},"author":3,"featured_media":777,"comment_status":"closed","ping_status":"closed","sticky":false,"template":"","format":"standard","meta":{"_jetpack_memberships_contains_paid_content":false,"footnotes":""},"categories":[5],"tags":[],"class_list":["post-20665","post","type-post","status-publish","format-standard","has-post-thumbnail","hentry","category-informacion-general"],"jetpack_featured_media_url":"https:\/\/i0.wp.com\/cdnoticias.com\/wp-content\/uploads\/2020\/09\/caa.jpg?fit=1280%2C854&ssl=1","jetpack_sharing_enabled":true,"_links":{"self":[{"href":"https:\/\/cdnoticias.com\/index.php\/wp-json\/wp\/v2\/posts\/20665","targetHints":{"allow":["GET"]}}],"collection":[{"href":"https:\/\/cdnoticias.com\/index.php\/wp-json\/wp\/v2\/posts"}],"about":[{"href":"https:\/\/cdnoticias.com\/index.php\/wp-json\/wp\/v2\/types\/post"}],"author":[{"embeddable":true,"href":"https:\/\/cdnoticias.com\/index.php\/wp-json\/wp\/v2\/users\/3"}],"replies":[{"embeddable":true,"href":"https:\/\/cdnoticias.com\/index.php\/wp-json\/wp\/v2\/comments?post=20665"}],"version-history":[{"count":0,"href":"https:\/\/cdnoticias.com\/index.php\/wp-json\/wp\/v2\/posts\/20665\/revisions"}],"wp:featuredmedia":[{"embeddable":true,"href":"https:\/\/cdnoticias.com\/index.php\/wp-json\/wp\/v2\/media\/777"}],"wp:attachment":[{"href":"https:\/\/cdnoticias.com\/index.php\/wp-json\/wp\/v2\/media?parent=20665"}],"wp:term":[{"taxonomy":"category","embeddable":true,"href":"https:\/\/cdnoticias.com\/index.php\/wp-json\/wp\/v2\/categories?post=20665"},{"taxonomy":"post_tag","embeddable":true,"href":"https:\/\/cdnoticias.com\/index.php\/wp-json\/wp\/v2\/tags?post=20665"}],"curies":[{"name":"wp","href":"https:\/\/api.w.org\/{rel}","templated":true}]}}