{"id":20649,"date":"2021-05-04T18:49:53","date_gmt":"2021-05-04T21:49:53","guid":{"rendered":"http:\/\/www.centraldenoticias.com.ar\/?p=20649"},"modified":"2021-05-05T11:32:20","modified_gmt":"2021-05-05T14:32:20","slug":"comienza-la-importante-obra-de-ampliacion-de-la-facultad-de-salud","status":"publish","type":"post","link":"https:\/\/cdnoticias.com\/index.php\/2021\/05\/04\/comienza-la-importante-obra-de-ampliacion-de-la-facultad-de-salud\/","title":{"rendered":"Comienza la importante obra de ampliaci\u00f3n de la Facultad de Ciencias de la Salud"},"content":{"rendered":"<p>Este martes firmaron el contrato entre las autoridades de la casa de estudios y la empresa que realizar\u00e1 los trabajos. Se construir\u00e1 el primer piso del edificio y se ampliar\u00e1 la planta baja. La inversi\u00f3n es de m\u00e1s de 250 millones de pesos.<!--more--><\/p>\n<hr \/>\n<p>En la tarde de este martes, <strong>autoridades acad\u00e9micas de Unicen y la empresa constructora adjudicada firmaron en Tandil el contrato para realizar la importante ampliaci\u00f3n de la Facultad de Salud en nuestra ciudad.<\/strong> La inversi\u00f3n es de m\u00e1s de 250 millones de pesos y se estima el inicio de obra en los pr\u00f3ximos d\u00edas.<\/p>\n<p>&nbsp;<\/p>\n<blockquote><p>Del acto participaron el vicerrector de la Unicen, Marcelo Aba, junto al decano de la Facultad de Ciencias de la Salud, H\u00e9ctor Trebucq, y el representante de la empresa que realizar\u00e1 la obra, el se\u00f1or Navarro.<\/p><\/blockquote>\n<p>&nbsp;<\/p>\n<p>El proyecto, aprobado meses atr\u00e1s bajo el <strong>Programa de Infraestructura Universitaria del Ministerio de Obras P\u00fablicas de la Naci\u00f3n, tuvo la visita en Olavarr\u00eda del ministro de la cartera nacional, Gabriel Katopodis<\/strong>, y se esperaba un inminente inicio de los trabajos para estos d\u00edas, situaci\u00f3n que se ratific\u00f3 con esta firma.<\/p>\n<p>&nbsp;<\/p>\n<figure id=\"attachment_20652\" aria-describedby=\"caption-attachment-20652\" style=\"width: 800px\" class=\"wp-caption alignnone\"><img data-recalc-dims=\"1\" loading=\"lazy\" decoding=\"async\" class=\"size-large wp-image-20652\" src=\"https:\/\/i0.wp.com\/cdnoticias.com\/wp-content\/uploads\/2021\/05\/katopodis-unicen.jpg?resize=800%2C533&#038;ssl=1\" alt=\"\" width=\"800\" height=\"533\" srcset=\"https:\/\/i0.wp.com\/cdnoticias.com\/wp-content\/uploads\/2021\/05\/katopodis-unicen.jpg?resize=1024%2C682&amp;ssl=1 1024w, https:\/\/i0.wp.com\/cdnoticias.com\/wp-content\/uploads\/2021\/05\/katopodis-unicen.jpg?resize=300%2C200&amp;ssl=1 300w, https:\/\/i0.wp.com\/cdnoticias.com\/wp-content\/uploads\/2021\/05\/katopodis-unicen.jpg?resize=768%2C512&amp;ssl=1 768w, https:\/\/i0.wp.com\/cdnoticias.com\/wp-content\/uploads\/2021\/05\/katopodis-unicen.jpg?resize=272%2C182&amp;ssl=1 272w, https:\/\/i0.wp.com\/cdnoticias.com\/wp-content\/uploads\/2021\/05\/katopodis-unicen.jpg?w=1280&amp;ssl=1 1280w\" sizes=\"auto, (max-width: 800px) 100vw, 800px\" \/><figcaption id=\"caption-attachment-20652\" class=\"wp-caption-text\">El Ministro visit\u00f3 la Facultad de Salud en su visita a Olavarr\u00eda, en noviembre pasado.<\/figcaption><\/figure>\n<p>&nbsp;<\/p>\n<p><strong>El Proyecto contempla la ampliaci\u00f3n y reforma del edificio actual de la Facultad<\/strong>, y surge como necesidad de contar con mayor cantidad de aulas, talleres y funciones complementarias (comedor, biblioteca, sanitarios, administraci\u00f3n) debido al incremento constante de la matr\u00edcula.<\/p>\n<p>&nbsp;<\/p>\n<p><strong>La obra, que tiene un plazo de ejecuci\u00f3n de 420 d\u00edas, se ampl\u00eda en 1.942,69m2 cubiertos, 314.44 semicubiertos, y reformar\u00e1n un total de 1.715,29m2<\/strong>, con un crecimiento en la creaci\u00f3n de la planta alta de la casa de estudios, sumado a reformas en la planta baja y conexi\u00f3n entre aulas, comedor, sal\u00f3n de usos m\u00faltiples e incluso la creaci\u00f3n de una Biblioteca.<\/p>\n<p>&nbsp;<\/p>\n<p><img data-recalc-dims=\"1\" loading=\"lazy\" decoding=\"async\" class=\"alignnone size-full wp-image-1085\" src=\"https:\/\/i0.wp.com\/cdnoticias.com\/wp-content\/uploads\/2020\/09\/WhatsApp-Image-2020-09-08-at-19.08.01.jpeg?resize=800%2C602&#038;ssl=1\" alt=\"\" width=\"800\" height=\"602\" srcset=\"https:\/\/i0.wp.com\/cdnoticias.com\/wp-content\/uploads\/2020\/09\/WhatsApp-Image-2020-09-08-at-19.08.01.jpeg?w=868&amp;ssl=1 868w, https:\/\/i0.wp.com\/cdnoticias.com\/wp-content\/uploads\/2020\/09\/WhatsApp-Image-2020-09-08-at-19.08.01.jpeg?resize=300%2C226&amp;ssl=1 300w, https:\/\/i0.wp.com\/cdnoticias.com\/wp-content\/uploads\/2020\/09\/WhatsApp-Image-2020-09-08-at-19.08.01.jpeg?resize=768%2C578&amp;ssl=1 768w\" sizes=\"auto, (max-width: 800px) 100vw, 800px\" \/><\/p>\n<p>&nbsp;<\/p>\n<p>Se proyecta cerrar el \u201cclaustro\u201d en <strong>planta baja mediante aulas, servicios comunes, y una importante reestructuraci\u00f3n en el sector existente, un crecimiento del comedor, remodelaci\u00f3n de un sector para refuncionalizarlo como biblioteca, vinculando mediante galer\u00edas cubiertas y semicubiertas que conectan las funciones y sectores con las circulaciones internas. Mientras que en la planta alta se proyecta construir sobre la cubierta existente que es una losa de hormig\u00f3n armado, un sector de nuevas aulas \u2013talleres y sectores de servicio.<\/strong><\/p>\n<p>&nbsp;<\/p>\n<p>La iniciativa, <strong>implementada en conjunto con la Secretar\u00eda de Pol\u00edticas Universitarias del Ministerio de Educaci\u00f3n, permitir\u00e1 contar con mayor cantidad de aulas y nuevos sectores destinados a talleres, bibliotecas y un sector de administraci\u00f3n<\/strong>, para beneficiar a toda la comunidad.<\/p>\n","protected":false},"excerpt":{"rendered":"<p>Este martes firmaron el contrato entre las autoridades de la casa de estudios y la empresa que realizar\u00e1 los trabajos.<\/p>\n","protected":false},"author":2,"featured_media":20651,"comment_status":"closed","ping_status":"closed","sticky":false,"template":"","format":"standard","meta":{"_jetpack_memberships_contains_paid_content":false,"footnotes":""},"categories":[5,1],"tags":[],"class_list":["post-20649","post","type-post","status-publish","format-standard","has-post-thumbnail","hentry","category-informacion-general","category-portada"],"jetpack_featured_media_url":"https:\/\/i0.wp.com\/cdnoticias.com\/wp-content\/uploads\/2021\/05\/salud-firma-contrato-obra.jpg?fit=1164%2C780&ssl=1","jetpack_sharing_enabled":true,"_links":{"self":[{"href":"https:\/\/cdnoticias.com\/index.php\/wp-json\/wp\/v2\/posts\/20649","targetHints":{"allow":["GET"]}}],"collection":[{"href":"https:\/\/cdnoticias.com\/index.php\/wp-json\/wp\/v2\/posts"}],"about":[{"href":"https:\/\/cdnoticias.com\/index.php\/wp-json\/wp\/v2\/types\/post"}],"author":[{"embeddable":true,"href":"https:\/\/cdnoticias.com\/index.php\/wp-json\/wp\/v2\/users\/2"}],"replies":[{"embeddable":true,"href":"https:\/\/cdnoticias.com\/index.php\/wp-json\/wp\/v2\/comments?post=20649"}],"version-history":[{"count":0,"href":"https:\/\/cdnoticias.com\/index.php\/wp-json\/wp\/v2\/posts\/20649\/revisions"}],"wp:featuredmedia":[{"embeddable":true,"href":"https:\/\/cdnoticias.com\/index.php\/wp-json\/wp\/v2\/media\/20651"}],"wp:attachment":[{"href":"https:\/\/cdnoticias.com\/index.php\/wp-json\/wp\/v2\/media?parent=20649"}],"wp:term":[{"taxonomy":"category","embeddable":true,"href":"https:\/\/cdnoticias.com\/index.php\/wp-json\/wp\/v2\/categories?post=20649"},{"taxonomy":"post_tag","embeddable":true,"href":"https:\/\/cdnoticias.com\/index.php\/wp-json\/wp\/v2\/tags?post=20649"}],"curies":[{"name":"wp","href":"https:\/\/api.w.org\/{rel}","templated":true}]}}