{"id":20634,"date":"2021-05-04T16:36:46","date_gmt":"2021-05-04T19:36:46","guid":{"rendered":"http:\/\/www.centraldenoticias.com.ar\/?p=20634"},"modified":"2021-05-04T16:37:37","modified_gmt":"2021-05-04T19:37:37","slug":"winter-is-coming-olavarria-registro-su-temperatura-mas-baja-del-ano","status":"publish","type":"post","link":"https:\/\/cdnoticias.com\/index.php\/2021\/05\/04\/winter-is-coming-olavarria-registro-su-temperatura-mas-baja-del-ano\/","title":{"rendered":"\u201cWinter Is Coming\u201d: Olavarr\u00eda registr\u00f3 su temperatura m\u00e1s baja del a\u00f1o"},"content":{"rendered":"<p>Minutos despu\u00e9s de las 7 de este martes registr\u00f3 el valor m\u00e1s bajo de lo que va del 2021. En las pr\u00f3ximas horas la temperatura podr\u00eda descender a\u00fan m\u00e1s.<!--more--><\/p>\n<hr \/>\n<p>En lo que va de la jornada de este martes el fr\u00edo se ha hecho sentir y mucho y los datos recabados desde la Estaci\u00f3n Meteorol\u00f3gica dan cuenta de ello. En di\u00e1logo con <em><strong>Central de Noticias<\/strong><\/em> se relat\u00f3 que <strong>en el inicio de la ma\u00f1ana se registr\u00f3 la temperatura m\u00e1s baja de lo que va del 2021. En las pr\u00f3ximas horas, los valores bajar\u00edan a\u00fan m\u00e1s.<\/strong><\/p>\n<p>&nbsp;<\/p>\n<p>Y s\u00ed, ya estamos en oto\u00f1o y, para alg\u00fan distra\u00eddo en materia de series de tv o no muy canchero con el ingl\u00e9s, el invierno est\u00e1 llegando. Fue <strong>a las 7.40 cuando los term\u00f3metros de la Estaci\u00f3n Meteorol\u00f3gica local registraron una temperatura de 4.7 grados, la m\u00e1s baja registrada la fecha en lo que llevamos del presente a\u00f1o<\/strong>.<\/p>\n<p>&nbsp;<\/p>\n<p><img data-recalc-dims=\"1\" loading=\"lazy\" decoding=\"async\" class=\"alignnone size-large wp-image-20636\" src=\"https:\/\/i0.wp.com\/cdnoticias.com\/wp-content\/uploads\/2021\/05\/Estacion-Meteorol%C3%B3gica-1024x576.jpg?resize=800%2C450&#038;ssl=1\" alt=\"\" width=\"800\" height=\"450\" srcset=\"https:\/\/i0.wp.com\/cdnoticias.com\/wp-content\/uploads\/2021\/05\/Estacion-Meteorol%C3%B3gica.jpg?resize=1024%2C576&amp;ssl=1 1024w, https:\/\/i0.wp.com\/cdnoticias.com\/wp-content\/uploads\/2021\/05\/Estacion-Meteorol%C3%B3gica.jpg?resize=300%2C169&amp;ssl=1 300w, https:\/\/i0.wp.com\/cdnoticias.com\/wp-content\/uploads\/2021\/05\/Estacion-Meteorol%C3%B3gica.jpg?resize=768%2C432&amp;ssl=1 768w, https:\/\/i0.wp.com\/cdnoticias.com\/wp-content\/uploads\/2021\/05\/Estacion-Meteorol%C3%B3gica.jpg?w=1280&amp;ssl=1 1280w\" sizes=\"auto, (max-width: 800px) 100vw, 800px\" \/><\/p>\n<p>&nbsp;<\/p>\n<p>Inclusive, seg\u00fan se a\u00f1adi\u00f3, <strong>a esa hora tambi\u00e9n se registraron fuertes vientos, de 18 km\/h para ser precisos, lo que hicieron que la sensaci\u00f3n t\u00e9rmica sea dos grados m\u00e1s baja.<\/strong><\/p>\n<p>&nbsp;<\/p>\n<p>El otro dato que se ampli\u00f3 desde la Estaci\u00f3n Meteorol\u00f3gica local es que los valores podr\u00edan ser a\u00fan m\u00e1s bajos en las pr\u00f3ximas horas, al punto que podr\u00eda darse la primera helada del a\u00f1o. El portal del Servicio Meteorol\u00f3gico Nacional refuerza esa posibilidad, ya que <strong>anticipa para la ma\u00f1ana de este mi\u00e9rcoles una temperatura en orden a los 3 grados, el pron\u00f3stico m\u00e1s bajo de toda la semana. En fin, no quedar\u00e1 otra que empezar a dejar a mano la ropa de invierno.<\/strong><\/p>\n<p>&nbsp;<\/p>\n<p><em>Fotos Facebook <a href=\"https:\/\/www.facebook.com\/estacionmeteorologica.olavarria\" target=\"_blank\" rel=\"noopener\">Estaci\u00f3n Meteorol\u00f3gica Olavarr\u00eda\u00a0<\/a><\/em><\/p>\n","protected":false},"excerpt":{"rendered":"<p>Minutos despu\u00e9s de las 7 de este martes registr\u00f3 el valor m\u00e1s bajo de lo que va del 2021. En<\/p>\n","protected":false},"author":3,"featured_media":20635,"comment_status":"closed","ping_status":"closed","sticky":false,"template":"","format":"standard","meta":{"_jetpack_memberships_contains_paid_content":false,"footnotes":""},"categories":[5,1],"tags":[],"class_list":["post-20634","post","type-post","status-publish","format-standard","has-post-thumbnail","hentry","category-informacion-general","category-portada"],"jetpack_featured_media_url":"https:\/\/i0.wp.com\/cdnoticias.com\/wp-content\/uploads\/2021\/05\/Estacion-Meteorol%C3%B3gica02.jpg?fit=800%2C445&ssl=1","jetpack_sharing_enabled":true,"_links":{"self":[{"href":"https:\/\/cdnoticias.com\/index.php\/wp-json\/wp\/v2\/posts\/20634","targetHints":{"allow":["GET"]}}],"collection":[{"href":"https:\/\/cdnoticias.com\/index.php\/wp-json\/wp\/v2\/posts"}],"about":[{"href":"https:\/\/cdnoticias.com\/index.php\/wp-json\/wp\/v2\/types\/post"}],"author":[{"embeddable":true,"href":"https:\/\/cdnoticias.com\/index.php\/wp-json\/wp\/v2\/users\/3"}],"replies":[{"embeddable":true,"href":"https:\/\/cdnoticias.com\/index.php\/wp-json\/wp\/v2\/comments?post=20634"}],"version-history":[{"count":0,"href":"https:\/\/cdnoticias.com\/index.php\/wp-json\/wp\/v2\/posts\/20634\/revisions"}],"wp:featuredmedia":[{"embeddable":true,"href":"https:\/\/cdnoticias.com\/index.php\/wp-json\/wp\/v2\/media\/20635"}],"wp:attachment":[{"href":"https:\/\/cdnoticias.com\/index.php\/wp-json\/wp\/v2\/media?parent=20634"}],"wp:term":[{"taxonomy":"category","embeddable":true,"href":"https:\/\/cdnoticias.com\/index.php\/wp-json\/wp\/v2\/categories?post=20634"},{"taxonomy":"post_tag","embeddable":true,"href":"https:\/\/cdnoticias.com\/index.php\/wp-json\/wp\/v2\/tags?post=20634"}],"curies":[{"name":"wp","href":"https:\/\/api.w.org\/{rel}","templated":true}]}}