{"id":2062,"date":"2020-09-21T12:12:22","date_gmt":"2020-09-21T15:12:22","guid":{"rendered":"http:\/\/www.centraldenoticias.com.ar\/?p=2062"},"modified":"2020-09-21T14:13:08","modified_gmt":"2020-09-21T17:13:08","slug":"realizan-diversos-trabajos-comunitarios-en-loma-negra","status":"publish","type":"post","link":"https:\/\/cdnoticias.com\/index.php\/2020\/09\/21\/realizan-diversos-trabajos-comunitarios-en-loma-negra\/","title":{"rendered":"Realizan diversos trabajos comunitarios en Loma Negra"},"content":{"rendered":"<p>Durante la Pandemia, personal de distintas \u00e1reas de la Municipalidad de Olavarr\u00eda realiz\u00f3 diferentes tareas en la localidad de Loma Negra para colaborar con la Delegaci\u00f3n, C\u00e1ritas Santa Elena y la comunidad en general.<!--more--><\/p>\n<hr \/>\n<p>Con la coordinaci\u00f3n de la Secretar\u00eda de Desarrollo Humano y Calidad de Vida, <strong>se llev\u00f3 a cabo semanas atr\u00e1s una intervenci\u00f3n de voluntariado en la sede de C\u00e1ritas Santa Elena, donde se realizaron tareas de limpieza, ordenamiento y pintura de la propiedad ubicada en Salta y Alberdi.<\/strong> Como se sabe, desde abril, la asistencia de ropa y calzado se lleva adelante en dependencias de la Delegaci\u00f3n.<\/p>\n<p>&nbsp;<\/p>\n<p><strong>Personal Municipal trabaj\u00f3 en las diferentes tareas<\/strong> -todos residentes en la localidad de Loma Negra-: Sandra Areco, Antonella Sp\u00ednola y Juan Cornejo (Cultura), Daniela Avenda\u00f1o, Natalia Martel, Patricia P\u00e9rez, Rosa D\u00edaz P\u00e9rez y Rafael Squillaci (Desarrollo Social). Adem\u00e1s, se cont\u00f3 con la colaboraci\u00f3n del vecino Jos\u00e9 Pereira y el aporte de materiales de la firma Pinturer\u00edas del Centro.<\/p>\n<p>&nbsp;<\/p>\n<blockquote><p>Por otra parte, el personal presta servicios en la Delegaci\u00f3n Municipal (ayuda a Desarrollo Social y C\u00e1ritas), ret\u00e9n de control en acceso, Museo Hogar Municipal y sede de Callejeada para acompa\u00f1ar a los habitantes en situaci\u00f3n de vulnerabilidad, y mantenimiento de las diferentes sedes municipales.<\/p><\/blockquote>\n<p>&nbsp;<\/p>\n<p>Desde C\u00e1ritas, sus responsables (Ana P\u00e9rez, Mary Mend\u00eda, Emilia de Brizuela y la colaboradora Nora Echeverr\u00eda) <strong>agradecieron el gesto de la Municipalidad de Olavarr\u00eda y los trabajadores.<\/strong><\/p>\n","protected":false},"excerpt":{"rendered":"<p>Durante la Pandemia, personal de distintas \u00e1reas de la Municipalidad de Olavarr\u00eda realiz\u00f3 diferentes tareas en la localidad de Loma<\/p>\n","protected":false},"author":2,"featured_media":2065,"comment_status":"closed","ping_status":"closed","sticky":false,"template":"","format":"standard","meta":{"_jetpack_memberships_contains_paid_content":false,"footnotes":""},"categories":[5],"tags":[],"class_list":["post-2062","post","type-post","status-publish","format-standard","has-post-thumbnail","hentry","category-informacion-general"],"jetpack_featured_media_url":"https:\/\/i0.wp.com\/cdnoticias.com\/wp-content\/uploads\/2020\/09\/Delegaciones-Intervencion-Caritas-1024x473.jpg?fit=1024%2C473&ssl=1","jetpack_sharing_enabled":true,"_links":{"self":[{"href":"https:\/\/cdnoticias.com\/index.php\/wp-json\/wp\/v2\/posts\/2062","targetHints":{"allow":["GET"]}}],"collection":[{"href":"https:\/\/cdnoticias.com\/index.php\/wp-json\/wp\/v2\/posts"}],"about":[{"href":"https:\/\/cdnoticias.com\/index.php\/wp-json\/wp\/v2\/types\/post"}],"author":[{"embeddable":true,"href":"https:\/\/cdnoticias.com\/index.php\/wp-json\/wp\/v2\/users\/2"}],"replies":[{"embeddable":true,"href":"https:\/\/cdnoticias.com\/index.php\/wp-json\/wp\/v2\/comments?post=2062"}],"version-history":[{"count":0,"href":"https:\/\/cdnoticias.com\/index.php\/wp-json\/wp\/v2\/posts\/2062\/revisions"}],"wp:featuredmedia":[{"embeddable":true,"href":"https:\/\/cdnoticias.com\/index.php\/wp-json\/wp\/v2\/media\/2065"}],"wp:attachment":[{"href":"https:\/\/cdnoticias.com\/index.php\/wp-json\/wp\/v2\/media?parent=2062"}],"wp:term":[{"taxonomy":"category","embeddable":true,"href":"https:\/\/cdnoticias.com\/index.php\/wp-json\/wp\/v2\/categories?post=2062"},{"taxonomy":"post_tag","embeddable":true,"href":"https:\/\/cdnoticias.com\/index.php\/wp-json\/wp\/v2\/tags?post=2062"}],"curies":[{"name":"wp","href":"https:\/\/api.w.org\/{rel}","templated":true}]}}