{"id":2061,"date":"2020-09-21T14:08:40","date_gmt":"2020-09-21T17:08:40","guid":{"rendered":"http:\/\/www.centraldenoticias.com.ar\/?p=2061"},"modified":"2020-09-21T16:45:43","modified_gmt":"2020-09-21T19:45:43","slug":"dia-de-la-primavera-operativo-de-concientizacion-en-los-parques","status":"publish","type":"post","link":"https:\/\/cdnoticias.com\/index.php\/2020\/09\/21\/dia-de-la-primavera-operativo-de-concientizacion-en-los-parques\/","title":{"rendered":"D\u00eda de la Primavera: operativo de concientizaci\u00f3n en los parques"},"content":{"rendered":"<p>La Municipalidad lanz\u00f3 un operativo en espacios verdes con agentes de distintas \u00e1reas para concientizar sobre las medidas de prevenci\u00f3n del coronavirus. &#8220;Se visualizan las semanas epidemiol\u00f3gicas m\u00e1s complicadas&#8221; advirtieron.<\/p>\n<p><!--more--><\/p>\n<hr \/>\n<p>Este lunes se celebra el D\u00eda de la Primavera y en el contexto epidemiol\u00f3gico actual, en el que contin\u00faa vigente el decreto presidencial de aislamiento social, preventivo y obligatorio, la Municipalidad de Olavarr\u00eda invit\u00f3 \u201ca la comunidad a realizar el festejo desde casa y subir fotos a las redes sociales con el hashtag <strong>#YoFestejoEnCasa<\/strong>\u201d.<\/p>\n<p>De todos modos, <strong>un centenar de agentes municipales<\/strong> de las \u00e1reas de Desarrollo Humano y Calidad de Vida, como as\u00ed tambi\u00e9n en conjunto con Seguridad y Salud, realizar\u00e1n una recorrida por los parques de la ciudad.<\/p>\n<p>Se explic\u00f3 que mediante esta tarea se busca concientizar y repartir folleter\u00eda significativa de las medidas de bioseguridad primordiales para evitar el contagio por Covid-19: <strong>uso correcto de barbijo o tapabocas, distancia social de m\u00e1s de dos metros, no compartir mate ni otras bebidas y tener jab\u00f3n l\u00edquido o alcohol en gel para higienizar las manos.<\/strong><\/p>\n<blockquote><p>\u201cActualmente se visualizan las semanas epidemiol\u00f3gicas m\u00e1s complicadas en cuanto a la cantidad de personas que transitan la enfermedad en Olavarr\u00eda y que las reuniones sociales son el principal foco de contagio del Covid-19\u201d se subray\u00f3 desde la Municipalidad.<\/p><\/blockquote>\n<p>En la previa al desarrollo del operativo, <strong>el secretario de Salud Germ\u00e1n Caputo brind\u00f3 una charla informativa<\/strong> para quienes formar\u00e1n parte del mismo. Estuvieron junto a Caputo el secretario de Desarrollo Humano y Calidad de Vida Diego Robbiani, el subsecretario de Salud Christian Waimann, el subsecretario de Seguridad Daniel Borra, el subsecretario de Deportes y Recreaci\u00f3n Juan Agust\u00edn Galli, el director de Deporte Social Fabricio Carrera, el director de personal Gabriel Requena, el director de Monitoreo Daniel Manuel y el coordinador de Juventud Mat\u00edas Garibotto.<\/p>\n","protected":false},"excerpt":{"rendered":"<p>La Municipalidad lanz\u00f3 un operativo en espacios verdes con agentes de distintas \u00e1reas para concientizar sobre las medidas de prevenci\u00f3n<\/p>\n","protected":false},"author":4,"featured_media":2063,"comment_status":"closed","ping_status":"closed","sticky":false,"template":"","format":"standard","meta":{"_jetpack_memberships_contains_paid_content":false,"footnotes":""},"categories":[5,1],"tags":[],"class_list":["post-2061","post","type-post","status-publish","format-standard","has-post-thumbnail","hentry","category-informacion-general","category-portada"],"jetpack_featured_media_url":"https:\/\/i0.wp.com\/cdnoticias.com\/wp-content\/uploads\/2020\/09\/Reunion-Dia-Primavera-3.jpg?fit=1968%2C1312&ssl=1","jetpack_sharing_enabled":true,"_links":{"self":[{"href":"https:\/\/cdnoticias.com\/index.php\/wp-json\/wp\/v2\/posts\/2061","targetHints":{"allow":["GET"]}}],"collection":[{"href":"https:\/\/cdnoticias.com\/index.php\/wp-json\/wp\/v2\/posts"}],"about":[{"href":"https:\/\/cdnoticias.com\/index.php\/wp-json\/wp\/v2\/types\/post"}],"author":[{"embeddable":true,"href":"https:\/\/cdnoticias.com\/index.php\/wp-json\/wp\/v2\/users\/4"}],"replies":[{"embeddable":true,"href":"https:\/\/cdnoticias.com\/index.php\/wp-json\/wp\/v2\/comments?post=2061"}],"version-history":[{"count":0,"href":"https:\/\/cdnoticias.com\/index.php\/wp-json\/wp\/v2\/posts\/2061\/revisions"}],"wp:featuredmedia":[{"embeddable":true,"href":"https:\/\/cdnoticias.com\/index.php\/wp-json\/wp\/v2\/media\/2063"}],"wp:attachment":[{"href":"https:\/\/cdnoticias.com\/index.php\/wp-json\/wp\/v2\/media?parent=2061"}],"wp:term":[{"taxonomy":"category","embeddable":true,"href":"https:\/\/cdnoticias.com\/index.php\/wp-json\/wp\/v2\/categories?post=2061"},{"taxonomy":"post_tag","embeddable":true,"href":"https:\/\/cdnoticias.com\/index.php\/wp-json\/wp\/v2\/tags?post=2061"}],"curies":[{"name":"wp","href":"https:\/\/api.w.org\/{rel}","templated":true}]}}