{"id":20606,"date":"2021-05-04T12:37:45","date_gmt":"2021-05-04T15:37:45","guid":{"rendered":"http:\/\/www.centraldenoticias.com.ar\/?p=20606"},"modified":"2021-05-04T12:37:45","modified_gmt":"2021-05-04T15:37:45","slug":"covid-descenso-de-casos-en-la-provincia-pero-casi-7-de-cada-10-pacientes-en-uti-mueren","status":"publish","type":"post","link":"https:\/\/cdnoticias.com\/index.php\/2021\/05\/04\/covid-descenso-de-casos-en-la-provincia-pero-casi-7-de-cada-10-pacientes-en-uti-mueren\/","title":{"rendered":"Covid: Descenso de casos en la Provincia, pero casi 7 de cada 10 pacientes en UTI mueren"},"content":{"rendered":"<p>Los datos m\u00e1s relevantes de la situaci\u00f3n epidemiol\u00f3gica. El Gobierno bonaerense crear\u00e1 un indicador para medir la ocupaci\u00f3n de camas a nivel regional.<!--more--><\/p>\n<hr \/>\n<p><strong>Los contagios en la provincia de Buenos Aires registraron \u201cun descenso importante\u201d, de un 18% en la \u00faltima semana<\/strong>, seg\u00fan informaron las autoridades sanitarias, <strong>pero casi 7 de cada 10 pacientes internados en terapia intensiva mueren<\/strong>. \u201cLa mayor\u00eda de las camas que se liberan es por \u00f3bito\u201d, lament\u00f3 el ministro de Salud provincial, Daniel Gollan.<\/p>\n<p>&nbsp;<\/p>\n<p>En ese sentido, sostuvo que<strong> el sistema de salud contin\u00faa \u201cmuy tensionado\u201d<\/strong> e inform\u00f3 que el distrito crear\u00e1 un <strong>nuevo indicador para medir la ocupaci\u00f3n de las camas a nivel regional<\/strong>, de acuerdo a la capacidad y a la cantidad de derivaciones.<\/p>\n<p><img data-recalc-dims=\"1\" loading=\"lazy\" decoding=\"async\" class=\"alignnone size-full wp-image-20614\" src=\"https:\/\/i0.wp.com\/cdnoticias.com\/wp-content\/uploads\/2021\/05\/datos-casos00.jpg?resize=800%2C445&#038;ssl=1\" alt=\"\" width=\"800\" height=\"445\" srcset=\"https:\/\/i0.wp.com\/cdnoticias.com\/wp-content\/uploads\/2021\/05\/datos-casos00.jpg?w=800&amp;ssl=1 800w, https:\/\/i0.wp.com\/cdnoticias.com\/wp-content\/uploads\/2021\/05\/datos-casos00.jpg?resize=300%2C167&amp;ssl=1 300w, https:\/\/i0.wp.com\/cdnoticias.com\/wp-content\/uploads\/2021\/05\/datos-casos00.jpg?resize=768%2C427&amp;ssl=1 768w\" sizes=\"auto, (max-width: 800px) 100vw, 800px\" \/><\/p>\n<p>&nbsp;<\/p>\n<blockquote><p>Gollan dijo adem\u00e1s que se registr\u00f3 \u201cun descenso importante, de m\u00e1s de 2000 casos promedio intersemanal\u201d, que contempla una ca\u00edda de contagios tanto en el AMBA como en el interior.<\/p><\/blockquote>\n<p>&nbsp;<\/p>\n<p>En rigor, durante <strong>la \u00faltima semana (del 26 de abril al 2 de mayo) se registraron 9.663 contagios<\/strong> en promedio diario de Covid-19 en territorio. En el periodo anterior (del 19 al 25 de abril) hab\u00edan sido 11.746, en decir, un 18% menos.<\/p>\n<p>&nbsp;<\/p>\n<p>El ministro celebr\u00f3 que <strong>la ca\u00edda de los casos coincide con la implementaci\u00f3n de las restricciones<\/strong> lanzadas por Naci\u00f3n y <a href=\"https:\/\/cdnoticias.com\/index.php\/2021\/04\/30\/kicillof-anuncio-importantes-medidas-de-indole-social-y-productivo\/\" target=\"_blank\" rel=\"noopener\">avaladas por la Provincia<\/a>. Y en ese sentido destac\u00f3 que la baja se dio tanto en el \u00c1rea Metropolitana de Buenos Aires (de 9.703 a 7.849) como <strong>en el interior (de 2.008 a 1.786)<\/strong>.<\/p>\n<p><img data-recalc-dims=\"1\" loading=\"lazy\" decoding=\"async\" class=\"alignnone size-full wp-image-20613\" src=\"https:\/\/i0.wp.com\/cdnoticias.com\/wp-content\/uploads\/2021\/05\/datos-casos.jpg?resize=800%2C445&#038;ssl=1\" alt=\"\" width=\"800\" height=\"445\" srcset=\"https:\/\/i0.wp.com\/cdnoticias.com\/wp-content\/uploads\/2021\/05\/datos-casos.jpg?w=800&amp;ssl=1 800w, https:\/\/i0.wp.com\/cdnoticias.com\/wp-content\/uploads\/2021\/05\/datos-casos.jpg?resize=300%2C167&amp;ssl=1 300w, https:\/\/i0.wp.com\/cdnoticias.com\/wp-content\/uploads\/2021\/05\/datos-casos.jpg?resize=768%2C427&amp;ssl=1 768w\" sizes=\"auto, (max-width: 800px) 100vw, 800px\" \/><\/p>\n<p>&nbsp;<\/p>\n<p>El ministro se\u00f1al\u00f3 adem\u00e1s que \u201cya no se ven colas para testeos\u201d, mientras <strong>sigue en baja la tasa de positividad<\/strong> \u2013de un pico de 46% a un 42,4%\u2013 y las llamadas al 148 tambi\u00e9n descendieron.<\/p>\n<p>&nbsp;<\/p>\n<blockquote><p>No obstante, el ministro se\u00f1al\u00f3 que casi siete de cada diez pacientes internados en terapia intensiva fallecen, al tiempo que crece la tasa de internaci\u00f3n entre pacientes j\u00f3venes, quienes permanecen m\u00e1s tiempo hospitalizados.\u00a0\u00a0\u201cLa mayor\u00eda de las camas que se liberan es por \u00f3bito\u201d, se\u00f1al\u00f3.<\/p><\/blockquote>\n<p>&nbsp;<\/p>\n<p><strong>El panorama que plante\u00f3 el funcionario provincial se repite en el plano local<\/strong>, <a href=\"https:\/\/cdnoticias.com\/index.php\/2021\/05\/02\/mientras-la-pandemia-afloja-aparecieron-millones-en-anuncios-de-obras\/\" target=\"_blank\" rel=\"noopener\">tal como se expuso en <strong>Central de Noticias<\/strong><\/a>, y muestra la generalizaci\u00f3n del impacto de la segunda ola en todo el territorio.<\/p>\n<p><img data-recalc-dims=\"1\" loading=\"lazy\" decoding=\"async\" class=\"alignnone size-full wp-image-20611\" src=\"https:\/\/i0.wp.com\/cdnoticias.com\/wp-content\/uploads\/2021\/05\/datos-ocupacion-UTI.jpg?resize=800%2C445&#038;ssl=1\" alt=\"\" width=\"800\" height=\"445\" srcset=\"https:\/\/i0.wp.com\/cdnoticias.com\/wp-content\/uploads\/2021\/05\/datos-ocupacion-UTI.jpg?w=800&amp;ssl=1 800w, https:\/\/i0.wp.com\/cdnoticias.com\/wp-content\/uploads\/2021\/05\/datos-ocupacion-UTI.jpg?resize=300%2C167&amp;ssl=1 300w, https:\/\/i0.wp.com\/cdnoticias.com\/wp-content\/uploads\/2021\/05\/datos-ocupacion-UTI.jpg?resize=768%2C427&amp;ssl=1 768w\" sizes=\"auto, (max-width: 800px) 100vw, 800px\" \/><\/p>\n<p><img data-recalc-dims=\"1\" loading=\"lazy\" decoding=\"async\" class=\"alignnone size-full wp-image-20612\" src=\"https:\/\/i0.wp.com\/cdnoticias.com\/wp-content\/uploads\/2021\/05\/datos-ocupacion-UTI00.jpg?resize=800%2C445&#038;ssl=1\" alt=\"\" width=\"800\" height=\"445\" srcset=\"https:\/\/i0.wp.com\/cdnoticias.com\/wp-content\/uploads\/2021\/05\/datos-ocupacion-UTI00.jpg?w=800&amp;ssl=1 800w, https:\/\/i0.wp.com\/cdnoticias.com\/wp-content\/uploads\/2021\/05\/datos-ocupacion-UTI00.jpg?resize=300%2C167&amp;ssl=1 300w, https:\/\/i0.wp.com\/cdnoticias.com\/wp-content\/uploads\/2021\/05\/datos-ocupacion-UTI00.jpg?resize=768%2C427&amp;ssl=1 768w\" sizes=\"auto, (max-width: 800px) 100vw, 800px\" \/><\/p>\n<p>&nbsp;<\/p>\n<p>Goll\u00e1n inform\u00f3 que hoy hay 1634 pacientes internados en terapia intensiva cuando durante el pico del a\u00f1o pasado hubo 1250, es decir, casi 400 pacientes m\u00e1s. Detall\u00f3 que<strong> en el interior provincial, \u201clas camas de UTI tambi\u00e9n aumentan, est\u00e1bamos en 48% la semana pasada y ahora es 53%<\/strong>. Todos los d\u00edas nos llaman intendentes porque tienen terapias al 100%\u201d.<\/p>\n<p>&nbsp;<\/p>\n<p>La baja de los contagios \u201cayud\u00f3 a que podamos tener un equilibrio sobre un sistema muy tensionado\u201d, pero el funcionario consider\u00f3 que \u201c<strong>tenemos una situaci\u00f3n complicada en t\u00e9rminos de ocupaci\u00f3n de camas<\/strong> porque estamos observando que entran muchos pacientes y se quedan varios d\u00edas internados porque en su mayor\u00eda son j\u00f3venes\u201d.<\/p>\n<p><img data-recalc-dims=\"1\" loading=\"lazy\" decoding=\"async\" class=\"alignnone size-full wp-image-20608\" src=\"https:\/\/i0.wp.com\/cdnoticias.com\/wp-content\/uploads\/2021\/05\/bianco-gollan.jpg?resize=748%2C416&#038;ssl=1\" alt=\"\" width=\"748\" height=\"416\" srcset=\"https:\/\/i0.wp.com\/cdnoticias.com\/wp-content\/uploads\/2021\/05\/bianco-gollan.jpg?w=748&amp;ssl=1 748w, https:\/\/i0.wp.com\/cdnoticias.com\/wp-content\/uploads\/2021\/05\/bianco-gollan.jpg?resize=300%2C167&amp;ssl=1 300w\" sizes=\"auto, (max-width: 748px) 100vw, 748px\" \/><\/p>\n<p>&nbsp;<\/p>\n<p><strong>Nuevo indicador<\/strong><\/p>\n<p>&nbsp;<\/p>\n<p>El ministro de Salud provincial indic\u00f3 que <strong>la provincia desarrollar\u00e1 un nuevo indicador que medir\u00e1 la ocupaci\u00f3n de camas a nivel regional<\/strong>.<\/p>\n<p>&nbsp;<\/p>\n<p>\u201cEl Gobierno estableci\u00f3 indicadores objetivos a partir de los cuales uno tiene que tomar la decisi\u00f3n respecto a en qu\u00e9 tipo de fases se encuentra cada municipio:<strong> raz\u00f3n, incidencia y la ocupaci\u00f3n de camas UTI,<\/strong> que se fij\u00f3 en un n\u00famero de 80%\u201d, explic\u00f3 Gollan.<\/p>\n<p><img data-recalc-dims=\"1\" loading=\"lazy\" decoding=\"async\" class=\"alignnone size-full wp-image-20609\" src=\"https:\/\/i0.wp.com\/cdnoticias.com\/wp-content\/uploads\/2021\/05\/bianco02.jpg?resize=764%2C424&#038;ssl=1\" alt=\"\" width=\"764\" height=\"424\" srcset=\"https:\/\/i0.wp.com\/cdnoticias.com\/wp-content\/uploads\/2021\/05\/bianco02.jpg?w=764&amp;ssl=1 764w, https:\/\/i0.wp.com\/cdnoticias.com\/wp-content\/uploads\/2021\/05\/bianco02.jpg?resize=300%2C166&amp;ssl=1 300w\" sizes=\"auto, (max-width: 764px) 100vw, 764px\" \/><\/p>\n<p>&nbsp;<\/p>\n<blockquote><p>No obstante, se\u00f1al\u00f3 que en la provincia \u201clas camas no se pueden medir por municipio porque, para poner ejemplos claros, si tomamos Bah\u00eda Blanca, las camas ocupadas no son solo de pacientes bahienses sino de toda la regi\u00f3n\u201d, explic\u00f3.<\/p><\/blockquote>\n<p>&nbsp;<\/p>\n<p>\u201c<strong>Es un indicador que se est\u00e1 construyendo, que es regional<\/strong> y que va a tener en cuenta la velocidad con el que se instalan los casos en cada municipio\u201d, ampli\u00f3 el ministro.<\/p>\n<p>&nbsp;<\/p>\n<p><strong>Las fases<\/strong><\/p>\n<p>&nbsp;<\/p>\n<p>El jefe de Gabinete, Carlos Bianco, detall\u00f3 la actualidad de la distribuci\u00f3n de los municipios en fases, lo cual <a href=\"https:\/\/cdnoticias.com\/index.php\/2021\/05\/03\/mas-municipios-a-fase-2-hay-47-distritos-en-alarma-epidemiologica\/\" target=\"_blank\" rel=\"noopener\">se hab\u00eda adelantado en la noche del domingo<\/a> con la adecuaci\u00f3n al decreto nacional.<\/p>\n<p><img data-recalc-dims=\"1\" loading=\"lazy\" decoding=\"async\" class=\"alignnone size-full wp-image-20607\" src=\"https:\/\/i0.wp.com\/cdnoticias.com\/wp-content\/uploads\/2021\/05\/fases00.jpg?resize=799%2C444&#038;ssl=1\" alt=\"\" width=\"799\" height=\"444\" srcset=\"https:\/\/i0.wp.com\/cdnoticias.com\/wp-content\/uploads\/2021\/05\/fases00.jpg?w=799&amp;ssl=1 799w, https:\/\/i0.wp.com\/cdnoticias.com\/wp-content\/uploads\/2021\/05\/fases00.jpg?resize=300%2C167&amp;ssl=1 300w, https:\/\/i0.wp.com\/cdnoticias.com\/wp-content\/uploads\/2021\/05\/fases00.jpg?resize=768%2C427&amp;ssl=1 768w\" sizes=\"auto, (max-width: 799px) 100vw, 799px\" \/><\/p>\n<p>En fase 2 hay 47 municipios, <strong>en fase 3 son 52 municipios \u2013entre ellos Olavarr\u00eda-<\/strong>, en fase 4 hay 36 distritos y en fase 5 no hay municipios.<\/p>\n<p>&nbsp;<\/p>\n<p>Durante la conferencia, tanto Goll\u00e1n como Bianco, adelantaron que <strong>el fin de semana pr\u00f3ximo se dar\u00e1 a conocer nuevamente el mapa de fases con la ubicaci\u00f3n de los distritos seg\u00fan este nuevo indicador de ocupaci\u00f3n de camas<\/strong>, adem\u00e1s de la raz\u00f3n de casos y la tasa de incidencia.<\/p>\n","protected":false},"excerpt":{"rendered":"<p>Los datos m\u00e1s relevantes de la situaci\u00f3n epidemiol\u00f3gica. El Gobierno bonaerense crear\u00e1 un indicador para medir la ocupaci\u00f3n de camas<\/p>\n","protected":false},"author":4,"featured_media":20610,"comment_status":"closed","ping_status":"closed","sticky":false,"template":"","format":"standard","meta":{"_jetpack_memberships_contains_paid_content":false,"footnotes":""},"categories":[6,1],"tags":[],"class_list":["post-20606","post","type-post","status-publish","format-standard","has-post-thumbnail","hentry","category-nacionales","category-portada"],"jetpack_featured_media_url":"https:\/\/i0.wp.com\/cdnoticias.com\/wp-content\/uploads\/2021\/05\/gollan.jpg?fit=786%2C437&ssl=1","jetpack_sharing_enabled":true,"_links":{"self":[{"href":"https:\/\/cdnoticias.com\/index.php\/wp-json\/wp\/v2\/posts\/20606","targetHints":{"allow":["GET"]}}],"collection":[{"href":"https:\/\/cdnoticias.com\/index.php\/wp-json\/wp\/v2\/posts"}],"about":[{"href":"https:\/\/cdnoticias.com\/index.php\/wp-json\/wp\/v2\/types\/post"}],"author":[{"embeddable":true,"href":"https:\/\/cdnoticias.com\/index.php\/wp-json\/wp\/v2\/users\/4"}],"replies":[{"embeddable":true,"href":"https:\/\/cdnoticias.com\/index.php\/wp-json\/wp\/v2\/comments?post=20606"}],"version-history":[{"count":0,"href":"https:\/\/cdnoticias.com\/index.php\/wp-json\/wp\/v2\/posts\/20606\/revisions"}],"wp:featuredmedia":[{"embeddable":true,"href":"https:\/\/cdnoticias.com\/index.php\/wp-json\/wp\/v2\/media\/20610"}],"wp:attachment":[{"href":"https:\/\/cdnoticias.com\/index.php\/wp-json\/wp\/v2\/media?parent=20606"}],"wp:term":[{"taxonomy":"category","embeddable":true,"href":"https:\/\/cdnoticias.com\/index.php\/wp-json\/wp\/v2\/categories?post=20606"},{"taxonomy":"post_tag","embeddable":true,"href":"https:\/\/cdnoticias.com\/index.php\/wp-json\/wp\/v2\/tags?post=20606"}],"curies":[{"name":"wp","href":"https:\/\/api.w.org\/{rel}","templated":true}]}}