{"id":20593,"date":"2021-05-04T10:08:45","date_gmt":"2021-05-04T13:08:45","guid":{"rendered":"http:\/\/www.centraldenoticias.com.ar\/?p=20593"},"modified":"2021-05-04T10:32:54","modified_gmt":"2021-05-04T13:32:54","slug":"una-olavarriense-involucrada-en-un-siniestro-vial-en-azul","status":"publish","type":"post","link":"https:\/\/cdnoticias.com\/index.php\/2021\/05\/04\/una-olavarriense-involucrada-en-un-siniestro-vial-en-azul\/","title":{"rendered":"Una olavarriense involucrada en un siniestro vial en Azul"},"content":{"rendered":"<p>Transitaba en un auto que fue embestido por un tren sobre ruta 51. Result\u00f3 ilesa. Ocurri\u00f3 hacia las 6.50 de este martes.<!--more--><\/p>\n<hr \/>\n<p><strong>Alrededor de las 6.50 de este martes, un auto Renault 9 conducido por una vecina de Olavarr\u00eda, fue embestido por el tren de cargas<\/strong>.<\/p>\n<p>&nbsp;<\/p>\n<p>Tal como inform\u00f3 el medio Noticias de Azul, <strong>ocurri\u00f3 sobre ruta 51 en el Paraje La Colorada<\/strong> del vecino distrito de Azul.<\/p>\n<p><img data-recalc-dims=\"1\" loading=\"lazy\" decoding=\"async\" class=\"aligncenter wp-image-20597\" src=\"https:\/\/i0.wp.com\/cdnoticias.com\/wp-content\/uploads\/2021\/05\/choque-tren-azul-01.jpg?resize=400%2C426&#038;ssl=1\" alt=\"\" width=\"400\" height=\"426\" srcset=\"https:\/\/i0.wp.com\/cdnoticias.com\/wp-content\/uploads\/2021\/05\/choque-tren-azul-01.jpg?w=500&amp;ssl=1 500w, https:\/\/i0.wp.com\/cdnoticias.com\/wp-content\/uploads\/2021\/05\/choque-tren-azul-01.jpg?resize=282%2C300&amp;ssl=1 282w\" sizes=\"auto, (max-width: 400px) 100vw, 400px\" \/><\/p>\n<p>&nbsp;<\/p>\n<p><strong>La conductora del auto,\u00a0Silvina Lujan Melo<\/strong>, circulaba en direcci\u00f3n desde ruta 226 hacia la ciudad de Tapalqu\u00e9. Por suerte, no hubo que lamentar v\u00edctimas ni lesiones de gravedad, <strong>solo da\u00f1os materiales<\/strong>.<\/p>\n<p>&nbsp;<\/p>\n<p><em>El maquinista, fue identificado como Julio Alberto Callegaro oriundo de Hinojo.<\/em><\/p>\n<p>&nbsp;<\/p>\n<p>Intervino en el hecho personal policial del Destacamento Balneario de Azul.<\/p>\n<p>&nbsp;<\/p>\n<p><img data-recalc-dims=\"1\" loading=\"lazy\" decoding=\"async\" class=\"aligncenter wp-image-20599\" src=\"https:\/\/i0.wp.com\/cdnoticias.com\/wp-content\/uploads\/2021\/05\/choque-tren-azul-00.jpg?resize=500%2C519&#038;ssl=1\" alt=\"\" width=\"500\" height=\"519\" srcset=\"https:\/\/i0.wp.com\/cdnoticias.com\/wp-content\/uploads\/2021\/05\/choque-tren-azul-00.jpg?w=590&amp;ssl=1 590w, https:\/\/i0.wp.com\/cdnoticias.com\/wp-content\/uploads\/2021\/05\/choque-tren-azul-00.jpg?resize=289%2C300&amp;ssl=1 289w\" sizes=\"auto, (max-width: 500px) 100vw, 500px\" \/><\/p>\n<p><img data-recalc-dims=\"1\" loading=\"lazy\" decoding=\"async\" class=\"aligncenter wp-image-20594\" src=\"https:\/\/i0.wp.com\/cdnoticias.com\/wp-content\/uploads\/2021\/05\/choque-tren-azul.jpg?resize=573%2C342&#038;ssl=1\" alt=\"\" width=\"573\" height=\"342\" srcset=\"https:\/\/i0.wp.com\/cdnoticias.com\/wp-content\/uploads\/2021\/05\/choque-tren-azul.jpg?w=973&amp;ssl=1 973w, https:\/\/i0.wp.com\/cdnoticias.com\/wp-content\/uploads\/2021\/05\/choque-tren-azul.jpg?resize=300%2C179&amp;ssl=1 300w, https:\/\/i0.wp.com\/cdnoticias.com\/wp-content\/uploads\/2021\/05\/choque-tren-azul.jpg?resize=768%2C459&amp;ssl=1 768w\" sizes=\"auto, (max-width: 573px) 100vw, 573px\" \/><\/p>\n","protected":false},"excerpt":{"rendered":"<p>Transitaba en un auto que fue embestido por un tren sobre ruta 51. Result\u00f3 ilesa. Ocurri\u00f3 hacia las 6.50 de<\/p>\n","protected":false},"author":4,"featured_media":20598,"comment_status":"closed","ping_status":"closed","sticky":false,"template":"","format":"standard","meta":{"_jetpack_memberships_contains_paid_content":false,"footnotes":""},"categories":[14,1],"tags":[],"class_list":["post-20593","post","type-post","status-publish","format-standard","has-post-thumbnail","hentry","category-policiales","category-portada"],"jetpack_featured_media_url":"https:\/\/i0.wp.com\/cdnoticias.com\/wp-content\/uploads\/2021\/05\/choque-tren-azul-02.jpg?fit=800%2C445&ssl=1","jetpack_sharing_enabled":true,"_links":{"self":[{"href":"https:\/\/cdnoticias.com\/index.php\/wp-json\/wp\/v2\/posts\/20593","targetHints":{"allow":["GET"]}}],"collection":[{"href":"https:\/\/cdnoticias.com\/index.php\/wp-json\/wp\/v2\/posts"}],"about":[{"href":"https:\/\/cdnoticias.com\/index.php\/wp-json\/wp\/v2\/types\/post"}],"author":[{"embeddable":true,"href":"https:\/\/cdnoticias.com\/index.php\/wp-json\/wp\/v2\/users\/4"}],"replies":[{"embeddable":true,"href":"https:\/\/cdnoticias.com\/index.php\/wp-json\/wp\/v2\/comments?post=20593"}],"version-history":[{"count":0,"href":"https:\/\/cdnoticias.com\/index.php\/wp-json\/wp\/v2\/posts\/20593\/revisions"}],"wp:featuredmedia":[{"embeddable":true,"href":"https:\/\/cdnoticias.com\/index.php\/wp-json\/wp\/v2\/media\/20598"}],"wp:attachment":[{"href":"https:\/\/cdnoticias.com\/index.php\/wp-json\/wp\/v2\/media?parent=20593"}],"wp:term":[{"taxonomy":"category","embeddable":true,"href":"https:\/\/cdnoticias.com\/index.php\/wp-json\/wp\/v2\/categories?post=20593"},{"taxonomy":"post_tag","embeddable":true,"href":"https:\/\/cdnoticias.com\/index.php\/wp-json\/wp\/v2\/tags?post=20593"}],"curies":[{"name":"wp","href":"https:\/\/api.w.org\/{rel}","templated":true}]}}