{"id":20562,"date":"2021-05-03T21:35:04","date_gmt":"2021-05-04T00:35:04","guid":{"rendered":"http:\/\/www.centraldenoticias.com.ar\/?p=20562"},"modified":"2021-05-03T21:35:49","modified_gmt":"2021-05-04T00:35:49","slug":"por-la-alta-ocupacion-hospitalaria-restringiran-la-circulacion-desde-las-20-horas","status":"publish","type":"post","link":"https:\/\/cdnoticias.com\/index.php\/2021\/05\/03\/por-la-alta-ocupacion-hospitalaria-restringiran-la-circulacion-desde-las-20-horas\/","title":{"rendered":"Por la alta ocupaci\u00f3n hospitalaria, restringir\u00e1n la circulaci\u00f3n desde las 20 horas"},"content":{"rendered":"<p>Adaptar\u00e1n el decreto municipal a las decisiones de la Provincia: cerrar\u00e1n gimnasios, natatorios, mientras que bares y restaurantes solo ser\u00e1 en modalidad delivery. Deportes en espacios cerrados tampoco podr\u00e1n realizarse.\u00a0\u201cEl Hospital necesita del esfuerzo de todos\u201d dijo Galli.\u00a0<!--more--><\/p>\n<hr \/>\n<p>En conferencia de prensa, <strong>el intendente Ezequiel Galli y el secretario de Salud Germ\u00e1n Caputo confirmaron duras medidas para tratar de descomprimir la situaci\u00f3n del Hospital Municipal<\/strong>, que se encuentra con una<strong> alt\u00edsima ocupaci\u00f3n en Terapia Intensiva<\/strong> a pesar de la gran cantidad de fallecimientos de los \u00faltimos d\u00edas.<\/p>\n<p>&nbsp;<\/p>\n<blockquote><p>El secretario de Salud, Germ\u00e1n Caputo, realiz\u00f3 un contundente informe que dej\u00f3 en claro que, si bien los casos bajaron, la curva de la demanda de camas en terapia intensiva se encuentra en su pico m\u00e1ximo y \u201ccreciendo\u201d.<\/p><\/blockquote>\n<p>&nbsp;<\/p>\n<p>Adem\u00e1s, se\u00f1alaron<strong> la demanda que tiene el Hospital por el crecimiento de los accidentes de tr\u00e1nsito y otras patolog\u00edas, mencionando las lesiones en deportes.<\/strong><\/p>\n<p>&nbsp;<\/p>\n<p>Tambi\u00e9n confirmaron<strong> la suba en la letalidad de la segunda ola, y el sector m\u00e1s afectado es la franja entre 70 y 79 a\u00f1os<\/strong>.<em> \u201cNos gusta tomar decisiones con datos, el Comit\u00e9 de Crisis ha tenido reuniones peri\u00f3dicas con Germ\u00e1n y el equipo\u201d<\/em> y si bien<em> \u201cbajaron los casos, no la ocupaci\u00f3n hospitalaria, y ante la inminente llegada del fr\u00edo tenemos que tomar decisiones para llegar tranquilos al pico de invierno\u201d.<\/em><\/p>\n<p>&nbsp;<\/p>\n<p><strong><em>\u201cEs un esfuerzo m\u00e1s\u201d<\/em> <\/strong>dijo Galli y agreg\u00f3 que adecuar\u00e1n el decreto emitido d\u00edas atr\u00e1s a lo actualizado por la Provincia:<em> \u201cNos ubica en Fase 3, somos de riesgo medio para la situaci\u00f3n sanitaria\u201d<\/em> por lo cual <strong><em>\u201che tomado la decisi\u00f3n de adaptar el decreto municipal a la resoluci\u00f3n provincial y dar un paso m\u00e1s\u201d.<\/em><\/strong><\/p>\n<p>&nbsp;<\/p>\n<blockquote><p>\u201cMe hago cargo de la decisi\u00f3n\u201d y se\u00f1al\u00f3 que la decisi\u00f3n de Fase 3 es \u201ccoherente\u201d.<\/p><\/blockquote>\n<p>&nbsp;<\/p>\n<p>Se restringir\u00e1 a\u00fan m\u00e1s la circulaci\u00f3n. <strong>Todo finalizar\u00e1 a las 20 horas salvo farmacias de turno, estaciones de servicio, restaurantes y servicio gastron\u00f3mico por delivery. Y empresas por turno noche<\/strong>.<em> \u201cEl resto de las actividades no podr\u00e1 funcionar despu\u00e9s de las 20 horas\u201d<\/em> dijo Galli.<\/p>\n<p>&nbsp;<\/p>\n<p><em>\u201cHoy prima lo sanitario. El Hospital necesita del esfuerzo de todos\u201d<\/em> cerr\u00f3 el jefe comunal en la previa de las preguntas de los periodistas presentes.<\/p>\n","protected":false},"excerpt":{"rendered":"<p>Adaptar\u00e1n el decreto municipal a las decisiones de la Provincia: cerrar\u00e1n gimnasios, natatorios, mientras que bares y restaurantes solo ser\u00e1<\/p>\n","protected":false},"author":4,"featured_media":20570,"comment_status":"closed","ping_status":"closed","sticky":false,"template":"","format":"standard","meta":{"_jetpack_memberships_contains_paid_content":false,"footnotes":""},"categories":[5,1],"tags":[],"class_list":["post-20562","post","type-post","status-publish","format-standard","has-post-thumbnail","hentry","category-informacion-general","category-portada"],"jetpack_featured_media_url":"https:\/\/i0.wp.com\/cdnoticias.com\/wp-content\/uploads\/2021\/05\/galli-conferencia1.jpg?fit=1152%2C768&ssl=1","jetpack_sharing_enabled":true,"_links":{"self":[{"href":"https:\/\/cdnoticias.com\/index.php\/wp-json\/wp\/v2\/posts\/20562","targetHints":{"allow":["GET"]}}],"collection":[{"href":"https:\/\/cdnoticias.com\/index.php\/wp-json\/wp\/v2\/posts"}],"about":[{"href":"https:\/\/cdnoticias.com\/index.php\/wp-json\/wp\/v2\/types\/post"}],"author":[{"embeddable":true,"href":"https:\/\/cdnoticias.com\/index.php\/wp-json\/wp\/v2\/users\/4"}],"replies":[{"embeddable":true,"href":"https:\/\/cdnoticias.com\/index.php\/wp-json\/wp\/v2\/comments?post=20562"}],"version-history":[{"count":0,"href":"https:\/\/cdnoticias.com\/index.php\/wp-json\/wp\/v2\/posts\/20562\/revisions"}],"wp:featuredmedia":[{"embeddable":true,"href":"https:\/\/cdnoticias.com\/index.php\/wp-json\/wp\/v2\/media\/20570"}],"wp:attachment":[{"href":"https:\/\/cdnoticias.com\/index.php\/wp-json\/wp\/v2\/media?parent=20562"}],"wp:term":[{"taxonomy":"category","embeddable":true,"href":"https:\/\/cdnoticias.com\/index.php\/wp-json\/wp\/v2\/categories?post=20562"},{"taxonomy":"post_tag","embeddable":true,"href":"https:\/\/cdnoticias.com\/index.php\/wp-json\/wp\/v2\/tags?post=20562"}],"curies":[{"name":"wp","href":"https:\/\/api.w.org\/{rel}","templated":true}]}}