{"id":20542,"date":"2021-05-03T15:31:02","date_gmt":"2021-05-03T18:31:02","guid":{"rendered":"http:\/\/www.centraldenoticias.com.ar\/?p=20542"},"modified":"2021-05-03T15:31:02","modified_gmt":"2021-05-03T18:31:02","slug":"maria-herminia-moyano-guelega-q-e-p-d","status":"publish","type":"post","link":"https:\/\/cdnoticias.com\/index.php\/2021\/05\/03\/maria-herminia-moyano-guelega-q-e-p-d\/","title":{"rendered":"Mar\u00eda Herminia Moyano &#8220;Guelega&#8221; (Q.E.P.D.)"},"content":{"rendered":"<p>Falleci\u00f3 en Olavarr\u00eda el d\u00eda 3 de Mayo de 2021 a los 75 a\u00f1os de edad. Sus hijos; sus hijos pol\u00edticos, sus nietos y dem\u00e1s deudos participan su fallecimiento.<\/p>\n<p>Sin velatorio. Sin responso. Inhumaci\u00f3n: Loma de Paz, martes 4 a las 9:30. Servicio adherido a Coopelectric.<\/p>\n<p>Barrio en el que viv\u00eda: Hip\u00f3lito Yrigoyen.<\/p>\n<p>Lugar de nacimiento: Coronel Su\u00e1rez.<\/p>\n<p>Actividad que desarrollaba: Jubilada.<span style=\"color: #888888;\"><br \/>\n<\/span><\/p>\n","protected":false},"excerpt":{"rendered":"<p>Falleci\u00f3 en Olavarr\u00eda el d\u00eda 3 de Mayo de 2021 a los 75 a\u00f1os de edad. Sus hijos; sus hijos<\/p>\n","protected":false},"author":6,"featured_media":0,"comment_status":"closed","ping_status":"closed","sticky":false,"template":"","format":"standard","meta":{"_jetpack_memberships_contains_paid_content":false,"footnotes":""},"categories":[10],"tags":[],"class_list":["post-20542","post","type-post","status-publish","format-standard","hentry","category-necrologicas"],"jetpack_featured_media_url":"","jetpack_sharing_enabled":true,"_links":{"self":[{"href":"https:\/\/cdnoticias.com\/index.php\/wp-json\/wp\/v2\/posts\/20542","targetHints":{"allow":["GET"]}}],"collection":[{"href":"https:\/\/cdnoticias.com\/index.php\/wp-json\/wp\/v2\/posts"}],"about":[{"href":"https:\/\/cdnoticias.com\/index.php\/wp-json\/wp\/v2\/types\/post"}],"author":[{"embeddable":true,"href":"https:\/\/cdnoticias.com\/index.php\/wp-json\/wp\/v2\/users\/6"}],"replies":[{"embeddable":true,"href":"https:\/\/cdnoticias.com\/index.php\/wp-json\/wp\/v2\/comments?post=20542"}],"version-history":[{"count":0,"href":"https:\/\/cdnoticias.com\/index.php\/wp-json\/wp\/v2\/posts\/20542\/revisions"}],"wp:attachment":[{"href":"https:\/\/cdnoticias.com\/index.php\/wp-json\/wp\/v2\/media?parent=20542"}],"wp:term":[{"taxonomy":"category","embeddable":true,"href":"https:\/\/cdnoticias.com\/index.php\/wp-json\/wp\/v2\/categories?post=20542"},{"taxonomy":"post_tag","embeddable":true,"href":"https:\/\/cdnoticias.com\/index.php\/wp-json\/wp\/v2\/tags?post=20542"}],"curies":[{"name":"wp","href":"https:\/\/api.w.org\/{rel}","templated":true}]}}