{"id":20538,"date":"2021-05-03T15:00:31","date_gmt":"2021-05-03T18:00:31","guid":{"rendered":"http:\/\/www.centraldenoticias.com.ar\/?p=20538"},"modified":"2021-05-03T15:50:57","modified_gmt":"2021-05-03T18:50:57","slug":"plantaron-arboles-en-el-separador-de-avenida-pringles","status":"publish","type":"post","link":"https:\/\/cdnoticias.com\/index.php\/2021\/05\/03\/plantaron-arboles-en-el-separador-de-avenida-pringles\/","title":{"rendered":"Plantaron \u00e1rboles en el separador de Avenida Pringles"},"content":{"rendered":"<p>Se realiz\u00f3 en el sector comprendido entre avenida Col\u00f3n hasta Trabajadores.\u00a0<!--more--><\/p>\n<hr \/>\n<p>D\u00edas atr\u00e1s se realiz\u00f3 <strong>una plantaci\u00f3n de \u00e1rboles en el separador de avenida Pringles en el tramo que va desde avenida Col\u00f3n hasta Trabajadores.<\/strong><\/p>\n<p>&nbsp;<\/p>\n<p>Seg\u00fan se indic\u00f3 desde el \u00e1rea de Arbolado y Espacios Verdes -dependiente de la Secretar\u00eda de Mantenimiento y Obras P\u00fablicas de la Municipalidad-<strong> se desarrollaron las tareas de reposici\u00f3n de 25 ejemplares.<\/strong><\/p>\n<p>&nbsp;<\/p>\n<blockquote><p>Se trata de la especie Pyrus calleryana Chanticleer (perales de adorno), un \u00e1rbol \u201cmuy decorativo, de porte mediano, copa angosta, que se convierte en ideal para el entorno urbano, en este caso para separadores\u201d.<\/p><\/blockquote>\n<p>&nbsp;<\/p>\n<p>Las tareas de plantaci\u00f3n y tutorado estuvieron a cargo de la empresa adjudicataria DERS Mantenimiento de Eduardo Sala, <strong>bajo la supervisi\u00f3n de personal del \u00e1rea de Espacios Verdes, quien coordin\u00f3 la ejecuci\u00f3n de los trabajos que se realizaron en dicho sector.<\/strong><\/p>\n<p>&nbsp;<\/p>\n<p>Entre los innumerables beneficios del arbolado en la ciudad se destaca la<em> \u201cfijaci\u00f3n de di\u00f3xido de carbono y liberaci\u00f3n de ox\u00edgeno al medio, la moderaci\u00f3n de las temperaturas extremas, la reducci\u00f3n de la contaminaci\u00f3n, la regulaci\u00f3n de la humedad ambiental, el favorecimiento al proceso de infiltraci\u00f3n del agua, la contribuci\u00f3n a la disminuci\u00f3n de la erosi\u00f3n h\u00eddrica y e\u00f3lica, la provisi\u00f3n de sombra, la disminuci\u00f3n de la temperatura, la reducci\u00f3n de la velocidad del viento y la implementaci\u00f3n de mejoras est\u00e9tico- paisaj\u00edsticas\u201d.<\/em><\/p>\n","protected":false},"excerpt":{"rendered":"<p>Se realiz\u00f3 en el sector comprendido entre avenida Col\u00f3n hasta Trabajadores.\u00a0<\/p>\n","protected":false},"author":4,"featured_media":20539,"comment_status":"closed","ping_status":"closed","sticky":false,"template":"","format":"standard","meta":{"_jetpack_memberships_contains_paid_content":false,"footnotes":""},"categories":[5],"tags":[],"class_list":["post-20538","post","type-post","status-publish","format-standard","has-post-thumbnail","hentry","category-informacion-general"],"jetpack_featured_media_url":"https:\/\/i0.wp.com\/cdnoticias.com\/wp-content\/uploads\/2021\/05\/Obras-Recambio-arboles-Av-Pringles-2.jpg?fit=2560%2C1920&ssl=1","jetpack_sharing_enabled":true,"_links":{"self":[{"href":"https:\/\/cdnoticias.com\/index.php\/wp-json\/wp\/v2\/posts\/20538","targetHints":{"allow":["GET"]}}],"collection":[{"href":"https:\/\/cdnoticias.com\/index.php\/wp-json\/wp\/v2\/posts"}],"about":[{"href":"https:\/\/cdnoticias.com\/index.php\/wp-json\/wp\/v2\/types\/post"}],"author":[{"embeddable":true,"href":"https:\/\/cdnoticias.com\/index.php\/wp-json\/wp\/v2\/users\/4"}],"replies":[{"embeddable":true,"href":"https:\/\/cdnoticias.com\/index.php\/wp-json\/wp\/v2\/comments?post=20538"}],"version-history":[{"count":0,"href":"https:\/\/cdnoticias.com\/index.php\/wp-json\/wp\/v2\/posts\/20538\/revisions"}],"wp:featuredmedia":[{"embeddable":true,"href":"https:\/\/cdnoticias.com\/index.php\/wp-json\/wp\/v2\/media\/20539"}],"wp:attachment":[{"href":"https:\/\/cdnoticias.com\/index.php\/wp-json\/wp\/v2\/media?parent=20538"}],"wp:term":[{"taxonomy":"category","embeddable":true,"href":"https:\/\/cdnoticias.com\/index.php\/wp-json\/wp\/v2\/categories?post=20538"},{"taxonomy":"post_tag","embeddable":true,"href":"https:\/\/cdnoticias.com\/index.php\/wp-json\/wp\/v2\/tags?post=20538"}],"curies":[{"name":"wp","href":"https:\/\/api.w.org\/{rel}","templated":true}]}}