{"id":20531,"date":"2021-05-03T14:11:37","date_gmt":"2021-05-03T17:11:37","guid":{"rendered":"http:\/\/www.centraldenoticias.com.ar\/?p=20531"},"modified":"2021-05-05T09:14:32","modified_gmt":"2021-05-05T12:14:32","slug":"covid-en-olavarria-vacunaron-a-20-mil-personas-con-una-dosis","status":"publish","type":"post","link":"https:\/\/cdnoticias.com\/index.php\/2021\/05\/03\/covid-en-olavarria-vacunaron-a-20-mil-personas-con-una-dosis\/","title":{"rendered":"COVID: en Olavarr\u00eda vacunaron a 20 mil personas con una dosis"},"content":{"rendered":"<p>Los datos se desprenden de la sala de situaci\u00f3n de la Provincia de Buenos Aires. Aplicaron 22.766 dosis, de las cuales 19.994 son de la primera etapa de inoculaci\u00f3n.\u00a0<!--more--><\/p>\n<hr \/>\n<p>En un contexto complejo para la ciudad por la pandemia,<strong> la vacunaci\u00f3n contin\u00faa avanzando y seg\u00fan la sala de situaci\u00f3n de la Provincia, 20 mil olavarrienses fueron vacunados con al menos una dosis contra el COVID.<\/strong><\/p>\n<p>&nbsp;<\/p>\n<p><img data-recalc-dims=\"1\" loading=\"lazy\" decoding=\"async\" class=\"alignnone size-full wp-image-20532\" src=\"https:\/\/i0.wp.com\/cdnoticias.com\/wp-content\/uploads\/2021\/05\/vacunas-olavarria-sala-situaci%C3%B3n.jpg?resize=800%2C234&#038;ssl=1\" alt=\"\" width=\"800\" height=\"234\" srcset=\"https:\/\/i0.wp.com\/cdnoticias.com\/wp-content\/uploads\/2021\/05\/vacunas-olavarria-sala-situaci%C3%B3n.jpg?w=1339&amp;ssl=1 1339w, https:\/\/i0.wp.com\/cdnoticias.com\/wp-content\/uploads\/2021\/05\/vacunas-olavarria-sala-situaci%C3%B3n.jpg?resize=300%2C88&amp;ssl=1 300w, https:\/\/i0.wp.com\/cdnoticias.com\/wp-content\/uploads\/2021\/05\/vacunas-olavarria-sala-situaci%C3%B3n.jpg?resize=768%2C224&amp;ssl=1 768w, https:\/\/i0.wp.com\/cdnoticias.com\/wp-content\/uploads\/2021\/05\/vacunas-olavarria-sala-situaci%C3%B3n.jpg?resize=1024%2C299&amp;ssl=1 1024w\" sizes=\"auto, (max-width: 800px) 100vw, 800px\" \/><\/p>\n<p>&nbsp;<\/p>\n<p>La actualizaci\u00f3n, hasta este lunes por la ma\u00f1ana, da cuenta de que <strong>19.994 personas fueron inoculadas con al menos una dosis de las diversas vacunas que llegaron a Argentina, mientras que el n\u00famero de personas con dos dosis contin\u00faa igual desde hace poco m\u00e1s de un mes: 2.772 personas.<\/strong><\/p>\n<p>&nbsp;<\/p>\n<blockquote><p>Cabe se\u00f1alar que durante el fin de semana, lectores de Central de Noticias y usuarios en redes sociales confirmaron que llegaron turnos para aplicar segundas dosis, lo cual ratifica que el n\u00famero comenzar\u00e1 a moverse nuevamente.<\/p><\/blockquote>\n<p>&nbsp;<\/p>\n<p><strong>En total se aplicaron 22.766 dosis, y durante los \u00faltimos d\u00edas se aplicaron vacunas en cifras r\u00e9cord<\/strong>: el pasado 27 de abril se inocularon 877 primeras dosis en 24 horas.<\/p>\n<p>&nbsp;<\/p>\n<p>Un dato a tener en cuenta es que por ahora hay cuatro postas de vacunaci\u00f3n en Olavarr\u00eda: <strong>el Servicio Territorial 2, el Hospital Municipal, el Hospital de Oncolog\u00eda, Mutual \u201cCarlos Moreno\u201d de Suteba y se sumar\u00e1 en las pr\u00f3ximas horas<a href=\"https:\/\/cdnoticias.com\/index.php\/2021\/05\/01\/la-provincia-abrira-un-nuevo-puesto-de-vacunacion-contra-el-covid19-en-la-ciudad\/\" target=\"_blank\" rel=\"noopener\"> la Facultad de Ciencias de la Salud, ubicada en Pringles 4375.<\/a><\/strong><\/p>\n<p>&nbsp;<\/p>\n<p><img data-recalc-dims=\"1\" loading=\"lazy\" decoding=\"async\" class=\"alignnone size-full wp-image-20530\" src=\"https:\/\/i0.wp.com\/cdnoticias.com\/wp-content\/uploads\/2021\/05\/vacunados-PBA-00.jpg?resize=800%2C445&#038;ssl=1\" alt=\"\" width=\"800\" height=\"445\" srcset=\"https:\/\/i0.wp.com\/cdnoticias.com\/wp-content\/uploads\/2021\/05\/vacunados-PBA-00.jpg?w=800&amp;ssl=1 800w, https:\/\/i0.wp.com\/cdnoticias.com\/wp-content\/uploads\/2021\/05\/vacunados-PBA-00.jpg?resize=300%2C167&amp;ssl=1 300w, https:\/\/i0.wp.com\/cdnoticias.com\/wp-content\/uploads\/2021\/05\/vacunados-PBA-00.jpg?resize=768%2C427&amp;ssl=1 768w\" sizes=\"auto, (max-width: 800px) 100vw, 800px\" \/><\/p>\n<p>&nbsp;<\/p>\n<p>Mientras tanto,<strong> la Provincia confirm\u00f3 este lunes que se acercan a las 3 millones de dosis aplicadas en todo el territorio bonaerense<\/strong>: el 94,92% del personal de Salud ya est\u00e1 vacunado, mientras que el 87,4% son mayores de 70 a\u00f1os.<\/p>\n","protected":false},"excerpt":{"rendered":"<p>Los datos se desprenden de la sala de situaci\u00f3n de la Provincia de Buenos Aires. Aplicaron 22.766 dosis, de las<\/p>\n","protected":false},"author":2,"featured_media":19322,"comment_status":"closed","ping_status":"closed","sticky":false,"template":"","format":"standard","meta":{"_jetpack_memberships_contains_paid_content":false,"footnotes":""},"categories":[5,1],"tags":[],"class_list":["post-20531","post","type-post","status-publish","format-standard","has-post-thumbnail","hentry","category-informacion-general","category-portada"],"jetpack_featured_media_url":"https:\/\/i0.wp.com\/cdnoticias.com\/wp-content\/uploads\/2021\/04\/vacuna-covid.jpg?fit=800%2C445&ssl=1","jetpack_sharing_enabled":true,"_links":{"self":[{"href":"https:\/\/cdnoticias.com\/index.php\/wp-json\/wp\/v2\/posts\/20531","targetHints":{"allow":["GET"]}}],"collection":[{"href":"https:\/\/cdnoticias.com\/index.php\/wp-json\/wp\/v2\/posts"}],"about":[{"href":"https:\/\/cdnoticias.com\/index.php\/wp-json\/wp\/v2\/types\/post"}],"author":[{"embeddable":true,"href":"https:\/\/cdnoticias.com\/index.php\/wp-json\/wp\/v2\/users\/2"}],"replies":[{"embeddable":true,"href":"https:\/\/cdnoticias.com\/index.php\/wp-json\/wp\/v2\/comments?post=20531"}],"version-history":[{"count":0,"href":"https:\/\/cdnoticias.com\/index.php\/wp-json\/wp\/v2\/posts\/20531\/revisions"}],"wp:featuredmedia":[{"embeddable":true,"href":"https:\/\/cdnoticias.com\/index.php\/wp-json\/wp\/v2\/media\/19322"}],"wp:attachment":[{"href":"https:\/\/cdnoticias.com\/index.php\/wp-json\/wp\/v2\/media?parent=20531"}],"wp:term":[{"taxonomy":"category","embeddable":true,"href":"https:\/\/cdnoticias.com\/index.php\/wp-json\/wp\/v2\/categories?post=20531"},{"taxonomy":"post_tag","embeddable":true,"href":"https:\/\/cdnoticias.com\/index.php\/wp-json\/wp\/v2\/tags?post=20531"}],"curies":[{"name":"wp","href":"https:\/\/api.w.org\/{rel}","templated":true}]}}