{"id":20527,"date":"2021-05-03T13:22:45","date_gmt":"2021-05-03T16:22:45","guid":{"rendered":"http:\/\/www.centraldenoticias.com.ar\/?p=20527"},"modified":"2021-05-03T14:13:27","modified_gmt":"2021-05-03T17:13:27","slug":"reclamo-por-paritarias-paro-de-48-horas-en-camuzzi","status":"publish","type":"post","link":"https:\/\/cdnoticias.com\/index.php\/2021\/05\/03\/reclamo-por-paritarias-paro-de-48-horas-en-camuzzi\/","title":{"rendered":"Reclamo por paritarias: paro de 48 horas en Camuzzi"},"content":{"rendered":"<p>Este lunes y martes no habr\u00e1 atenci\u00f3n en la prestadora de gas. Desde el viernes, el \u00e1rea t\u00e9cnica hizo entrega de guardia.<!--more--><\/p>\n<hr \/>\n<p><strong>Los trabajadores de Camuzzi iniciaron un paro por 48 horas en reclamo de mejoras salariales vinculadas con la negociaci\u00f3n paritaria y con el pago por las horas de guardia<\/strong>. Se inform\u00f3 que cuentan con un plan de paros para todo este mes, con medidas cada vez m\u00e1s fuertes.<\/p>\n<p>&nbsp;<\/p>\n<p><strong>Central de Noticias<\/strong> dialog\u00f3 con <strong>Lucas Osellame<\/strong>, referente local del Sindicato de Trabajadores de la Industria del Gas (Stigas) que impulsa las medidas que llevan adelante unos 300 empleados de la prestadora en la regi\u00f3n Bah\u00eda Blanca.<\/p>\n<p>&nbsp;<\/p>\n<p>El plan de lucha se lanz\u00f3 despu\u00e9s de que Camuzzi no respondiera con lo esperado por el sindicato en la negociaci\u00f3n paritaria. <strong>Reclaman que la recomposici\u00f3n salarial de 2020 lleg\u00f3 tarde y no cubri\u00f3 las necesidades<\/strong>. Asimismo, piden mejores aportes de la empresa para el servicio de salud y el tratamiento urgente a puntos convencionales postergados.<\/p>\n<p><img data-recalc-dims=\"1\" loading=\"lazy\" decoding=\"async\" class=\"aligncenter wp-image-20517 size-full\" src=\"https:\/\/i0.wp.com\/cdnoticias.com\/wp-content\/uploads\/2021\/05\/camuzzi-05.jpg?resize=800%2C445&#038;ssl=1\" alt=\"\" width=\"800\" height=\"445\" srcset=\"https:\/\/i0.wp.com\/cdnoticias.com\/wp-content\/uploads\/2021\/05\/camuzzi-05.jpg?w=800&amp;ssl=1 800w, https:\/\/i0.wp.com\/cdnoticias.com\/wp-content\/uploads\/2021\/05\/camuzzi-05.jpg?resize=300%2C167&amp;ssl=1 300w, https:\/\/i0.wp.com\/cdnoticias.com\/wp-content\/uploads\/2021\/05\/camuzzi-05.jpg?resize=768%2C427&amp;ssl=1 768w\" sizes=\"auto, (max-width: 800px) 100vw, 800px\" \/><\/p>\n<p>&nbsp;<\/p>\n<blockquote><p>\u201cEl a\u00f1o pasado la empresa tard\u00f3 en atendernos, cerramos paritaria reci\u00e9n en diciembre con pago desde noviembre\u201d record\u00f3 Osellame sobre lo sucedido y contrapuso que \u201cnosotros laburamos desde el d\u00eda cero de la pandemia, en teletrabajo y en la calle. Somos la primera l\u00ednea de fuego, porque gas en las casas y en los hospitales ten\u00eda que haber\u201d.<\/p><\/blockquote>\n<p>&nbsp;<\/p>\n<p>A su vez, el dirigente se\u00f1al\u00f3 que \u201c<strong>la tasa de cobrabilidad de la empresa baj\u00f3 muy poco<\/strong>, la empresa sigui\u00f3 cobrando y ahora se inform\u00f3 que retiran medidores y cortan servicios. Es decir, la gente que se atras\u00f3 se est\u00e1 quedando sin gas\u201d.<\/p>\n<p>&nbsp;<\/p>\n<p>Tras detallar que Camuzzi tuvo super\u00e1vit en 2020, consider\u00f3 que la empresa puede responder a la demanda de mejora salarial.<\/p>\n<p><img data-recalc-dims=\"1\" loading=\"lazy\" decoding=\"async\" class=\"aligncenter wp-image-20522 size-full\" src=\"https:\/\/i0.wp.com\/cdnoticias.com\/wp-content\/uploads\/2021\/05\/camuzzi-04.jpg?resize=800%2C445&#038;ssl=1\" alt=\"\" width=\"800\" height=\"445\" srcset=\"https:\/\/i0.wp.com\/cdnoticias.com\/wp-content\/uploads\/2021\/05\/camuzzi-04.jpg?w=800&amp;ssl=1 800w, https:\/\/i0.wp.com\/cdnoticias.com\/wp-content\/uploads\/2021\/05\/camuzzi-04.jpg?resize=300%2C167&amp;ssl=1 300w, https:\/\/i0.wp.com\/cdnoticias.com\/wp-content\/uploads\/2021\/05\/camuzzi-04.jpg?resize=768%2C427&amp;ssl=1 768w\" sizes=\"auto, (max-width: 800px) 100vw, 800px\" \/><\/p>\n<p>&nbsp;<\/p>\n<p><strong>La negociaci\u00f3n<\/strong><\/p>\n<p>&nbsp;<\/p>\n<p>\u201cEste a\u00f1o nos ten\u00edamos que juntar en marzo por la paritaria. Pas\u00f3 la reuni\u00f3n para abril y se comprometi\u00f3 a que \u00edbamos a tener reuniones por los puntos convencionales. No nos atendi\u00f3 m\u00e1s. <strong>La gente se fue cansando porque siempre seguimos laburando<\/strong>\u201d cont\u00f3 sobre el desarrollo de la negociaci\u00f3n.<\/p>\n<p>&nbsp;<\/p>\n<blockquote><p>La \u00faltima reuni\u00f3n se dio a fines de abril. \u201cNos dijeron que no ten\u00edan nada para ofrecernos, que ten\u00edamos que esperar a mayo\u201d indic\u00f3 Lucas Osellame. Ese fue el punto c\u00falmine y \u201cen una asamblea se vot\u00f3 ir a una medida de fuerza\u201d.<\/p><\/blockquote>\n<p>&nbsp;<\/p>\n<p>Los trabajadores tambi\u00e9n pidieron <strong>el pago de \u201cun bono Covid\u201d<\/strong>, como aplicaron otras empresas, y reiteraron una solicitud que mantienen desde hace a\u00f1os vinculada con <strong>el pago por \u201cla hora de disponibilidad\u201d<\/strong> en la realizaci\u00f3n de guardias. En cuanto a esta \u00faltima, perciben 21,53 pesos la hora: <em>\u201cse paga una miseria, comparado con que transportadora de gas TSS paga cuatro\u00a0 veces m\u00e1s\u201d<\/em> destac\u00f3. Ninguno de estos dos pedidos tuvo respuesta positiva.<\/p>\n<p><img data-recalc-dims=\"1\" loading=\"lazy\" decoding=\"async\" class=\"aligncenter wp-image-20521 size-full\" src=\"https:\/\/i0.wp.com\/cdnoticias.com\/wp-content\/uploads\/2021\/05\/camuzzi-03.jpg?resize=800%2C445&#038;ssl=1\" alt=\"\" width=\"800\" height=\"445\" srcset=\"https:\/\/i0.wp.com\/cdnoticias.com\/wp-content\/uploads\/2021\/05\/camuzzi-03.jpg?w=800&amp;ssl=1 800w, https:\/\/i0.wp.com\/cdnoticias.com\/wp-content\/uploads\/2021\/05\/camuzzi-03.jpg?resize=300%2C167&amp;ssl=1 300w, https:\/\/i0.wp.com\/cdnoticias.com\/wp-content\/uploads\/2021\/05\/camuzzi-03.jpg?resize=768%2C427&amp;ssl=1 768w\" sizes=\"auto, (max-width: 800px) 100vw, 800px\" \/><\/p>\n<p>&nbsp;<\/p>\n<p>En ese contexto comenz\u00f3 la medida de fuerza desde el viernes, con la entrega de las guardias, y el paro de 48 horas desde este lunes. <strong>\u201cEl acatamiento es masivo\u201d<\/strong> subray\u00f3 el dirigente sindical quien aclar\u00f3 que <em>\u201cen Olavarr\u00eda decidimos por la situaci\u00f3n que se atraviesa con el Covid, no realizar la manifestaci\u00f3n fuera de la sede\u201d<\/em>.<\/p>\n<p>&nbsp;<\/p>\n<p>El plan de medidas de fuerza impulsado por Stigas incluye <strong>otro paro de 48 horas desde el 10 de mayo<\/strong>, paro de 72 horas desde el 17 de mayo y paro de 96 horas desde el 24 de mayo, en caso de no obtener respuesta favorable en la negociaci\u00f3n paritaria.<\/p>\n<p>&nbsp;<\/p>\n<p>Por \u00faltimo, sostuvo que<strong> la entrega de las guardias es una medida por tiempo indeterminado<\/strong>: \u201cpor la mejora en el pago de guardias, hasta que no nos mejoren el \u00edtem que pagan no lo vamos a volver a hacer\u201d afirm\u00f3.<\/p>\n","protected":false},"excerpt":{"rendered":"<p>Este lunes y martes no habr\u00e1 atenci\u00f3n en la prestadora de gas. Desde el viernes, el \u00e1rea t\u00e9cnica hizo entrega<\/p>\n","protected":false},"author":4,"featured_media":20519,"comment_status":"closed","ping_status":"closed","sticky":false,"template":"","format":"standard","meta":{"_jetpack_memberships_contains_paid_content":false,"footnotes":""},"categories":[5,1],"tags":[],"class_list":["post-20527","post","type-post","status-publish","format-standard","has-post-thumbnail","hentry","category-informacion-general","category-portada"],"jetpack_featured_media_url":"https:\/\/i0.wp.com\/cdnoticias.com\/wp-content\/uploads\/2021\/05\/camuzzi-01.jpg?fit=800%2C445&ssl=1","jetpack_sharing_enabled":true,"_links":{"self":[{"href":"https:\/\/cdnoticias.com\/index.php\/wp-json\/wp\/v2\/posts\/20527","targetHints":{"allow":["GET"]}}],"collection":[{"href":"https:\/\/cdnoticias.com\/index.php\/wp-json\/wp\/v2\/posts"}],"about":[{"href":"https:\/\/cdnoticias.com\/index.php\/wp-json\/wp\/v2\/types\/post"}],"author":[{"embeddable":true,"href":"https:\/\/cdnoticias.com\/index.php\/wp-json\/wp\/v2\/users\/4"}],"replies":[{"embeddable":true,"href":"https:\/\/cdnoticias.com\/index.php\/wp-json\/wp\/v2\/comments?post=20527"}],"version-history":[{"count":0,"href":"https:\/\/cdnoticias.com\/index.php\/wp-json\/wp\/v2\/posts\/20527\/revisions"}],"wp:featuredmedia":[{"embeddable":true,"href":"https:\/\/cdnoticias.com\/index.php\/wp-json\/wp\/v2\/media\/20519"}],"wp:attachment":[{"href":"https:\/\/cdnoticias.com\/index.php\/wp-json\/wp\/v2\/media?parent=20527"}],"wp:term":[{"taxonomy":"category","embeddable":true,"href":"https:\/\/cdnoticias.com\/index.php\/wp-json\/wp\/v2\/categories?post=20527"},{"taxonomy":"post_tag","embeddable":true,"href":"https:\/\/cdnoticias.com\/index.php\/wp-json\/wp\/v2\/tags?post=20527"}],"curies":[{"name":"wp","href":"https:\/\/api.w.org\/{rel}","templated":true}]}}