{"id":20498,"date":"2021-05-03T08:32:48","date_gmt":"2021-05-03T11:32:48","guid":{"rendered":"http:\/\/www.centraldenoticias.com.ar\/?p=20498"},"modified":"2021-05-03T08:32:48","modified_gmt":"2021-05-03T11:32:48","slug":"adelina-magdalena-malvicini-viuda-de-consalvo-chichi-q-e-p-d","status":"publish","type":"post","link":"https:\/\/cdnoticias.com\/index.php\/2021\/05\/03\/adelina-magdalena-malvicini-viuda-de-consalvo-chichi-q-e-p-d\/","title":{"rendered":"Adelina Magdalena Malvicini viuda de Consalvo &#8220;Chichi&#8221; (Q.E.P.D.)"},"content":{"rendered":"<p>Falleci\u00f3 en Olavarr\u00eda el d\u00eda 2 de mayo de 2021 a los 81 a\u00f1os de edad. Sus hijos Miguel \u00c1ngel, Jorge, Claudio y Jorge Consalvo. Sus hijas pol\u00edticas Maria, Marcela y Estela. Sus nietos Franco, Marianela, Giuliana, Caterina, Pierina, Bruno, Josefina, Francisco, Tomas, Delfina, Isabella, Brunella, Salvador, Bautista y Martiniano. Sus hermanas Delia y Mabel. Sus hermanos pol\u00edticos. Sus sobrinos. Sus consuegros. Sus colaboradoras Patricia, Laura, Agustina y Luz; y dem\u00e1s deudos participan su fallecimiento.<\/p>\n<p>&nbsp;<\/p>\n<p>Velatorio: Espa\u00f1a 2942 departamento &#8220;C&#8221;. La sala se habilita a las 13:30 horas. Responso: Capilla Ardiente. Inhumaci\u00f3n: Cementerio Loma de Paz, lunes 3 de mayo a las 15:30 horas. Servicio adherido a Coopelectric.<\/p>\n<p>&nbsp;<\/p>\n<p>Vecina de Barrio San Vicente.<\/p>\n<p>&nbsp;<\/p>\n<p>Nacida en Olavarr\u00eda.<\/p>\n<p>&nbsp;<\/p>\n<p>Jubilada y pensionada.<\/p>\n","protected":false},"excerpt":{"rendered":"<p>Falleci\u00f3 en Olavarr\u00eda el d\u00eda 2 de mayo de 2021 a los 81 a\u00f1os de edad. Sus hijos Miguel \u00c1ngel,<\/p>\n","protected":false},"author":4,"featured_media":0,"comment_status":"closed","ping_status":"closed","sticky":false,"template":"","format":"standard","meta":{"_jetpack_memberships_contains_paid_content":false,"footnotes":""},"categories":[10],"tags":[],"class_list":["post-20498","post","type-post","status-publish","format-standard","hentry","category-necrologicas"],"jetpack_featured_media_url":"","jetpack_sharing_enabled":true,"_links":{"self":[{"href":"https:\/\/cdnoticias.com\/index.php\/wp-json\/wp\/v2\/posts\/20498","targetHints":{"allow":["GET"]}}],"collection":[{"href":"https:\/\/cdnoticias.com\/index.php\/wp-json\/wp\/v2\/posts"}],"about":[{"href":"https:\/\/cdnoticias.com\/index.php\/wp-json\/wp\/v2\/types\/post"}],"author":[{"embeddable":true,"href":"https:\/\/cdnoticias.com\/index.php\/wp-json\/wp\/v2\/users\/4"}],"replies":[{"embeddable":true,"href":"https:\/\/cdnoticias.com\/index.php\/wp-json\/wp\/v2\/comments?post=20498"}],"version-history":[{"count":0,"href":"https:\/\/cdnoticias.com\/index.php\/wp-json\/wp\/v2\/posts\/20498\/revisions"}],"wp:attachment":[{"href":"https:\/\/cdnoticias.com\/index.php\/wp-json\/wp\/v2\/media?parent=20498"}],"wp:term":[{"taxonomy":"category","embeddable":true,"href":"https:\/\/cdnoticias.com\/index.php\/wp-json\/wp\/v2\/categories?post=20498"},{"taxonomy":"post_tag","embeddable":true,"href":"https:\/\/cdnoticias.com\/index.php\/wp-json\/wp\/v2\/tags?post=20498"}],"curies":[{"name":"wp","href":"https:\/\/api.w.org\/{rel}","templated":true}]}}