{"id":20433,"date":"2021-05-01T16:20:26","date_gmt":"2021-05-01T19:20:26","guid":{"rendered":"http:\/\/www.centraldenoticias.com.ar\/?p=20433"},"modified":"2021-05-01T16:43:45","modified_gmt":"2021-05-01T19:43:45","slug":"la-provincia-abrira-un-nuevo-puesto-de-vacunacion-contra-el-covid19-en-la-ciudad","status":"publish","type":"post","link":"https:\/\/cdnoticias.com\/index.php\/2021\/05\/01\/la-provincia-abrira-un-nuevo-puesto-de-vacunacion-contra-el-covid19-en-la-ciudad\/","title":{"rendered":"La Provincia abrir\u00e1 un nuevo puesto de vacunaci\u00f3n contra el Covid19 en la ciudad"},"content":{"rendered":"<p>Se detall\u00f3 que funcionar\u00e1 en el SUM de la Facultad de Ciencias de la Salud de la Universidad Nacional del Centro.<!--more--><\/p>\n<hr \/>\n<p>Una importante novedad fue confirmada en las \u00faltimas horas por Regi\u00f3n Sanitaria IX, desde donde se detall\u00f3 que <strong>Olavarr\u00eda contar\u00e1 con un nuevo centro de vacunaci\u00f3n, que se sumar\u00e1 a los tres ya vigentes que cuenta nuestra ciudad.<\/strong><\/p>\n<p>&nbsp;<\/p>\n<p>Estar\u00e1 ubicado en el <strong>Sal\u00f3n de Usos M\u00faltiples de la Facultad de Ciencias de la Salud<\/strong>, dependiente de la Universidad Nacional del Centro de la Provincia. Se trata del sector ubicado sobre <strong>Merlo, entre 9 de Julio y avenida Pringles.<\/strong><\/p>\n<p>&nbsp;<\/p>\n<figure id=\"attachment_20243\" aria-describedby=\"caption-attachment-20243\" style=\"width: 800px\" class=\"wp-caption alignnone\"><img data-recalc-dims=\"1\" loading=\"lazy\" decoding=\"async\" class=\"wp-image-20243 size-large\" src=\"https:\/\/i0.wp.com\/cdnoticias.com\/wp-content\/uploads\/2021\/04\/WhatsApp-Image-2021-04-29-at-13.00.02.jpeg?resize=800%2C488&#038;ssl=1\" alt=\"\" width=\"800\" height=\"488\" srcset=\"https:\/\/i0.wp.com\/cdnoticias.com\/wp-content\/uploads\/2021\/04\/WhatsApp-Image-2021-04-29-at-13.00.02.jpeg?resize=1024%2C624&amp;ssl=1 1024w, https:\/\/i0.wp.com\/cdnoticias.com\/wp-content\/uploads\/2021\/04\/WhatsApp-Image-2021-04-29-at-13.00.02.jpeg?resize=300%2C183&amp;ssl=1 300w, https:\/\/i0.wp.com\/cdnoticias.com\/wp-content\/uploads\/2021\/04\/WhatsApp-Image-2021-04-29-at-13.00.02.jpeg?resize=768%2C468&amp;ssl=1 768w, https:\/\/i0.wp.com\/cdnoticias.com\/wp-content\/uploads\/2021\/04\/WhatsApp-Image-2021-04-29-at-13.00.02.jpeg?w=1280&amp;ssl=1 1280w\" sizes=\"auto, (max-width: 800px) 100vw, 800px\" \/><figcaption id=\"caption-attachment-20243\" class=\"wp-caption-text\">El director de Regi\u00f3n Sanitaria IX, Ramiro Borzi, junto al Decano de la Facultad de Ciencias de Salud, H\u00e9ctor Trebucq.<\/figcaption><\/figure>\n<p>&nbsp;<\/p>\n<p>Vale recordar que actualmente se est\u00e1 vacunando en el Servicio Territorial Municipal 2, en la sede de la Mutual \u201cCarlos Moreno\u201d de Suteba y en el Hospital Provincial de Oncolog\u00eda. Vale recordar que d\u00edas atr\u00e1s la <a href=\"https:\/\/cdnoticias.com\/index.php\/2021\/04\/29\/testeos-en-la-facultad-de-ciencias-de-la-salud-y-en-sierras-bayas\/\" target=\"_blank\" rel=\"noopener\">Facultad de Ciencias de la Salud fue centro de un operativo de rastreo del Ministerio de Salud bonaerense.<\/a><\/p>\n<p>&nbsp;<\/p>\n<p>La flamante sede de vacunaci\u00f3n <strong>comenzar\u00e1 a funcionar en los pr\u00f3ximos d\u00edas, a partir que de la asignaci\u00f3n de turnos de Provincia para comenzar a inocular tambi\u00e9n en ese sitio. <\/strong>&#8220;Todas las personas que tengan asignado dicho lugar ser\u00e1n debidamente notificadas c\u00f3mo se hace habitualmente&#8221;, se aclar\u00f3 desde Regi\u00f3n Sanitaria IX<strong>.<\/strong><\/p>\n","protected":false},"excerpt":{"rendered":"<p>Se detall\u00f3 que funcionar\u00e1 en el SUM de la Facultad de Ciencias de la Salud de la Universidad Nacional del<\/p>\n","protected":false},"author":3,"featured_media":1085,"comment_status":"closed","ping_status":"closed","sticky":false,"template":"","format":"standard","meta":{"_jetpack_memberships_contains_paid_content":false,"footnotes":""},"categories":[5,1],"tags":[],"class_list":["post-20433","post","type-post","status-publish","format-standard","has-post-thumbnail","hentry","category-informacion-general","category-portada"],"jetpack_featured_media_url":"https:\/\/i0.wp.com\/cdnoticias.com\/wp-content\/uploads\/2020\/09\/WhatsApp-Image-2020-09-08-at-19.08.01.jpeg?fit=868%2C653&ssl=1","jetpack_sharing_enabled":true,"_links":{"self":[{"href":"https:\/\/cdnoticias.com\/index.php\/wp-json\/wp\/v2\/posts\/20433","targetHints":{"allow":["GET"]}}],"collection":[{"href":"https:\/\/cdnoticias.com\/index.php\/wp-json\/wp\/v2\/posts"}],"about":[{"href":"https:\/\/cdnoticias.com\/index.php\/wp-json\/wp\/v2\/types\/post"}],"author":[{"embeddable":true,"href":"https:\/\/cdnoticias.com\/index.php\/wp-json\/wp\/v2\/users\/3"}],"replies":[{"embeddable":true,"href":"https:\/\/cdnoticias.com\/index.php\/wp-json\/wp\/v2\/comments?post=20433"}],"version-history":[{"count":0,"href":"https:\/\/cdnoticias.com\/index.php\/wp-json\/wp\/v2\/posts\/20433\/revisions"}],"wp:featuredmedia":[{"embeddable":true,"href":"https:\/\/cdnoticias.com\/index.php\/wp-json\/wp\/v2\/media\/1085"}],"wp:attachment":[{"href":"https:\/\/cdnoticias.com\/index.php\/wp-json\/wp\/v2\/media?parent=20433"}],"wp:term":[{"taxonomy":"category","embeddable":true,"href":"https:\/\/cdnoticias.com\/index.php\/wp-json\/wp\/v2\/categories?post=20433"},{"taxonomy":"post_tag","embeddable":true,"href":"https:\/\/cdnoticias.com\/index.php\/wp-json\/wp\/v2\/tags?post=20433"}],"curies":[{"name":"wp","href":"https:\/\/api.w.org\/{rel}","templated":true}]}}