{"id":20387,"date":"2021-04-30T20:56:50","date_gmt":"2021-04-30T23:56:50","guid":{"rendered":"http:\/\/www.centraldenoticias.com.ar\/?p=20387"},"modified":"2021-05-01T10:23:31","modified_gmt":"2021-05-01T13:23:31","slug":"kicillof-anuncio-importantes-medidas-de-indole-social-y-productivo","status":"publish","type":"post","link":"https:\/\/cdnoticias.com\/index.php\/2021\/04\/30\/kicillof-anuncio-importantes-medidas-de-indole-social-y-productivo\/","title":{"rendered":"Kicillof anunci\u00f3 importantes \u201cmedidas de \u00edndole social y productivo\u201d"},"content":{"rendered":"<p>Tambi\u00e9n detall\u00f3 que se incrementar\u00e1n los controles en los accesos a la Provincia. Aunque lo m\u00e1s relevante gir\u00f3 en torno a medidas de acompa\u00f1amiento social y productivo. Detalle de cada una de las medidas.<!--more--><\/p>\n<hr \/>\n<p>Algunos minutos despu\u00e9s de las 19 inici\u00f3 la conferencia de prensa del gobernador Axel Kicillof, sobre la cual hab\u00eda un cierto manto de incertidumbre y expectativa, ya que <a href=\"https:\/\/cdnoticias.com\/index.php\/2021\/04\/30\/kicillof-sumara-restricciones-apunta-a-las-ferias-al-aire-libre-y-las-canchitas\/\" target=\"_blank\" rel=\"noopener\">m\u00e1s temprano hab\u00edan girado rumores y versiones vinculadas a un incremento en las restricciones<\/a>.<\/p>\n<p>&nbsp;<\/p>\n<p><strong>\u201cLa Provincia va a adherir\u201d<\/strong> expres\u00f3 a poco de iniciar su intervenci\u00f3n en referencia <a href=\"https:\/\/cdnoticias.com\/index.php\/2021\/04\/30\/para-el-conjunto-del-pais-hasta-el-21-de-mayo-continuan-las-mismas-medidas\/\" target=\"_blank\" rel=\"noopener\">los anuncios realizados esta misma jornada por el presidente Alberto Fern\u00e1ndez<\/a>. Fue all\u00ed cuando arroj\u00f3 los entrecomillados de mayor contenido pol\u00edtico en cuanto al \u201crespeto\u201d a la Ley, \u201cEl DNU es Ley\u201d enfatiz\u00f3, y a \u201cla autoridad m\u00e1xima\u201d que \u201ces el gobierno nacional\u201d. <strong>\u201cNo es momento de\u00a0 fomentar discusiones\u201d<\/strong>, a\u00f1adi\u00f3 en declaraciones direccionadas tanto al Jefe de Gobierno Porte\u00f1o como a la oposici\u00f3n.<\/p>\n<p>&nbsp;<\/p>\n<p><img data-recalc-dims=\"1\" loading=\"lazy\" decoding=\"async\" class=\"alignnone size-large wp-image-20390\" src=\"https:\/\/i0.wp.com\/cdnoticias.com\/wp-content\/uploads\/2021\/04\/2021_04_30-AK-Anuncios-nuevas-medidas-en-Provincia-de-Buenos-Aires-9.jpg?resize=800%2C494&#038;ssl=1\" alt=\"\" width=\"800\" height=\"494\" srcset=\"https:\/\/i0.wp.com\/cdnoticias.com\/wp-content\/uploads\/2021\/04\/2021_04_30-AK-Anuncios-nuevas-medidas-en-Provincia-de-Buenos-Aires-9.jpg?resize=1024%2C632&amp;ssl=1 1024w, https:\/\/i0.wp.com\/cdnoticias.com\/wp-content\/uploads\/2021\/04\/2021_04_30-AK-Anuncios-nuevas-medidas-en-Provincia-de-Buenos-Aires-9.jpg?resize=300%2C185&amp;ssl=1 300w, https:\/\/i0.wp.com\/cdnoticias.com\/wp-content\/uploads\/2021\/04\/2021_04_30-AK-Anuncios-nuevas-medidas-en-Provincia-de-Buenos-Aires-9.jpg?resize=768%2C474&amp;ssl=1 768w, https:\/\/i0.wp.com\/cdnoticias.com\/wp-content\/uploads\/2021\/04\/2021_04_30-AK-Anuncios-nuevas-medidas-en-Provincia-de-Buenos-Aires-9.jpg?w=1600&amp;ssl=1 1600w, https:\/\/i0.wp.com\/cdnoticias.com\/wp-content\/uploads\/2021\/04\/2021_04_30-AK-Anuncios-nuevas-medidas-en-Provincia-de-Buenos-Aires-9.jpg?w=2400&amp;ssl=1 2400w\" sizes=\"auto, (max-width: 800px) 100vw, 800px\" \/><\/p>\n<p>&nbsp;<\/p>\n<p>Dio cuenta del marco incremento de casos, una cuadruplicaci\u00f3n en apenas un mes, y un sistema m\u00e9dico en \u201ccompleto stress\u201d para fundamentar diversas medidas tanto en materia sanitaria como en lo social y productivo. Celebr\u00f3 que se logr\u00f3 detener la \u201cvertiginosa velocidad\u201d en los contagios, \u201cpero con eso no alcanza\u201d. <strong>\u201cNo podemos entrar al invierno con esta plataforma de casos\u201d<\/strong>, complet\u00f3.<\/p>\n<p>&nbsp;<\/p>\n<p>Es por ello que anunci\u00f3 un incremento en los <strong>controles en el acceso a la provincia de Buenos Aires<\/strong>, medida que avanza sobre el sector del denominado AMBA, el epicentro de los casos. Habl\u00f3 puntualmente de <strong>\u201ccontroles sanitarios, respetar horarios y normas\u201d.<\/strong><\/p>\n<p>&nbsp;<\/p>\n<p>A\u00f1adi\u00f3 que se continuar\u00e1 con el sistema de fases y que se pasar\u00e1 a un r\u00e9gimen de entrega fuera de los locales, en los comercios no esenciales. Por \u00faltimo, <strong>se pondr\u00e1 en vigencia el sistema de multas de hasta 500 sueldos m\u00ednimos, lo que significa un monto de 4.3 millones de pesos. Para esto lo municipios deben adherir al decreto provincial para implementar en cada distrito la fiscalizaci\u00f3n e imponer las multas y sanciones<\/strong><\/p>\n<p>&nbsp;<\/p>\n<p><em><strong>Medidas a nivel Social y Productivo<\/strong><\/em><\/p>\n<p>&nbsp;<\/p>\n<p>Estas medidas apuntan a mitigar los efectos de la pandemia e involucra una inversi\u00f3n por parte del Gobierno Provincial, junto al Banco Provincia, por m\u00e1s de 70 mil millones de pesos<\/p>\n<p>&nbsp;<\/p>\n<p><strong>Ampliaciones:<\/strong><\/p>\n<p>&nbsp;<\/p>\n<p>Aumentos de prestaciones en un 50% en el programa de UDIS, M\u00e1s Vida, Centros Juveniles y Becas de Ni\u00f1ez . Y un incremento del 20% en los cupos.<\/p>\n<p>&nbsp;<\/p>\n<p><strong>Envi\u00f3n<\/strong>: se ampl\u00eda de 35 mil a 50 mil beneficiarios el programa que reciben j\u00f3venes y tutores en actividades de capacitaci\u00f3n y formaci\u00f3n en distintas \u00e1reas.<\/p>\n<p>&nbsp;<\/p>\n<p><img data-recalc-dims=\"1\" loading=\"lazy\" decoding=\"async\" class=\"alignnone size-large wp-image-20388\" src=\"https:\/\/i0.wp.com\/cdnoticias.com\/wp-content\/uploads\/2021\/04\/2021_04_30-AK-Anuncios-nuevas-medidas-en-Provincia-de-Buenos-Aires-18.jpg?resize=800%2C520&#038;ssl=1\" alt=\"\" width=\"800\" height=\"520\" srcset=\"https:\/\/i0.wp.com\/cdnoticias.com\/wp-content\/uploads\/2021\/04\/2021_04_30-AK-Anuncios-nuevas-medidas-en-Provincia-de-Buenos-Aires-18.jpg?resize=1024%2C665&amp;ssl=1 1024w, https:\/\/i0.wp.com\/cdnoticias.com\/wp-content\/uploads\/2021\/04\/2021_04_30-AK-Anuncios-nuevas-medidas-en-Provincia-de-Buenos-Aires-18.jpg?resize=300%2C195&amp;ssl=1 300w, https:\/\/i0.wp.com\/cdnoticias.com\/wp-content\/uploads\/2021\/04\/2021_04_30-AK-Anuncios-nuevas-medidas-en-Provincia-de-Buenos-Aires-18.jpg?resize=768%2C499&amp;ssl=1 768w, https:\/\/i0.wp.com\/cdnoticias.com\/wp-content\/uploads\/2021\/04\/2021_04_30-AK-Anuncios-nuevas-medidas-en-Provincia-de-Buenos-Aires-18.jpg?w=1600&amp;ssl=1 1600w, https:\/\/i0.wp.com\/cdnoticias.com\/wp-content\/uploads\/2021\/04\/2021_04_30-AK-Anuncios-nuevas-medidas-en-Provincia-de-Buenos-Aires-18.jpg?w=2400&amp;ssl=1 2400w\" sizes=\"auto, (max-width: 800px) 100vw, 800px\" \/><\/p>\n<p>&nbsp;<\/p>\n<p><strong>Servicio Alimentario Escolar<\/strong>: se ampliar\u00e1 en 300 mil cupos, eso significar\u00e1 que pasar\u00e1 de 1.700.000 beneficiarios a m\u00e1s de 2 millones de ni\u00f1os y ni\u00f1as de toda la provincia.<\/p>\n<p>&nbsp;<\/p>\n<p><strong>Incremento del 35% en la jubilaci\u00f3n m\u00ednima y las pensiones no contributivas provinciales<\/strong>, alcanzar\u00e1 a 31 mil bonaerenses.<\/p>\n<p>&nbsp;<\/p>\n<p>Ampliaci\u00f3n del\u00a0 50% en el presupuesto para compra directa de alimentos<\/p>\n<p>&nbsp;<\/p>\n<p><em><strong>Producci\u00f3n<\/strong><\/em><\/p>\n<p>&nbsp;<\/p>\n<p>500 millones de pesos en el Fondo de Cultura y Turismo, para centros culturales y emprendimientos tur\u00edsticos<\/p>\n<p>&nbsp;<\/p>\n<p><strong>Preservar Trabajo<\/strong>: se ampliar\u00e1 el presupuesto para ayudar a las empresas a sostener puestos de empleo, apunta a los sectores m\u00e1s afectados por la pandemia y las restricciones<\/p>\n<p>&nbsp;<\/p>\n<p><strong>Dos leyes impositivas<\/strong>: se sancionaron en la Legislatura las leyes de Fortalecimiento Productivo, que representa una moratoria general de impuestos patrimoniales sobre las deudas del 2020 y alcanza a 3 millones de contribuyentes y 3800 PYMES. Ley de Monotributo Unificado alcanza a m\u00e1s de 1 mill\u00f3n de contribuyentes<\/p>\n<p>&nbsp;<\/p>\n<p><strong>Provincia Renueva<\/strong>: cr\u00e9ditos destinados a la compra de materiales para mejorar las condiciones habitacionales de las viviendas, se trata de obras de peque\u00f1a escala. A trav\u00e9s del BAPRO se brindar\u00e1 una l\u00ednea de cr\u00e9ditos de hasta 100 mil pesos, significando una inversi\u00f3n total de 5000 millones de pesos.<\/p>\n<p>&nbsp;<\/p>\n<p><strong>Repyme e inversi\u00f3n productiva<\/strong>: se ampliar\u00e1 el cupo en 35.500 millones de pesos<\/p>\n<p>&nbsp;<\/p>\n<p><strong>Refinanciaci\u00f3n de deuda<\/strong>s: se trata de deudas de consumo y comerciales, que contar\u00e1n con per\u00edodos de gracia, extensi\u00f3n de plazos y subsidios de tasas. Adem\u00e1s se suma un descuento del 15% en comercios de cercan\u00eda utilizando la Cuenta DNI.<\/p>\n","protected":false},"excerpt":{"rendered":"<p>Tambi\u00e9n detall\u00f3 que se incrementar\u00e1n los controles en los accesos a la Provincia. Aunque lo m\u00e1s relevante gir\u00f3 en torno<\/p>\n","protected":false},"author":3,"featured_media":20389,"comment_status":"closed","ping_status":"closed","sticky":false,"template":"","format":"standard","meta":{"_jetpack_memberships_contains_paid_content":false,"footnotes":""},"categories":[6,1],"tags":[],"class_list":["post-20387","post","type-post","status-publish","format-standard","has-post-thumbnail","hentry","category-nacionales","category-portada"],"jetpack_featured_media_url":"https:\/\/i0.wp.com\/cdnoticias.com\/wp-content\/uploads\/2021\/04\/2021_04_30-AK-Anuncios-nuevas-medidas-en-Provincia-de-Buenos-Aires-17.jpg?fit=4424%2C2812&ssl=1","jetpack_sharing_enabled":true,"_links":{"self":[{"href":"https:\/\/cdnoticias.com\/index.php\/wp-json\/wp\/v2\/posts\/20387","targetHints":{"allow":["GET"]}}],"collection":[{"href":"https:\/\/cdnoticias.com\/index.php\/wp-json\/wp\/v2\/posts"}],"about":[{"href":"https:\/\/cdnoticias.com\/index.php\/wp-json\/wp\/v2\/types\/post"}],"author":[{"embeddable":true,"href":"https:\/\/cdnoticias.com\/index.php\/wp-json\/wp\/v2\/users\/3"}],"replies":[{"embeddable":true,"href":"https:\/\/cdnoticias.com\/index.php\/wp-json\/wp\/v2\/comments?post=20387"}],"version-history":[{"count":0,"href":"https:\/\/cdnoticias.com\/index.php\/wp-json\/wp\/v2\/posts\/20387\/revisions"}],"wp:featuredmedia":[{"embeddable":true,"href":"https:\/\/cdnoticias.com\/index.php\/wp-json\/wp\/v2\/media\/20389"}],"wp:attachment":[{"href":"https:\/\/cdnoticias.com\/index.php\/wp-json\/wp\/v2\/media?parent=20387"}],"wp:term":[{"taxonomy":"category","embeddable":true,"href":"https:\/\/cdnoticias.com\/index.php\/wp-json\/wp\/v2\/categories?post=20387"},{"taxonomy":"post_tag","embeddable":true,"href":"https:\/\/cdnoticias.com\/index.php\/wp-json\/wp\/v2\/tags?post=20387"}],"curies":[{"name":"wp","href":"https:\/\/api.w.org\/{rel}","templated":true}]}}