{"id":20364,"date":"2021-04-30T21:04:00","date_gmt":"2021-05-01T00:04:00","guid":{"rendered":"http:\/\/www.centraldenoticias.com.ar\/?p=20364"},"modified":"2021-04-30T21:06:13","modified_gmt":"2021-05-01T00:06:13","slug":"central-de-noticias-crece-y-ya-cuenta-con-su-redaccion-en-la-ciudad","status":"publish","type":"post","link":"https:\/\/cdnoticias.com\/index.php\/2021\/04\/30\/central-de-noticias-crece-y-ya-cuenta-con-su-redaccion-en-la-ciudad\/","title":{"rendered":"Central de Noticias crece y ya cuenta con su redacci\u00f3n en la ciudad"},"content":{"rendered":"<p>Este viernes se ratific\u00f3 el acuerdo institucional con FM Sapiens 102.7 y realizar\u00e1 la producci\u00f3n de informaci\u00f3n en las oficinas ubicadas en \u00c1lvaro Barros 2710.<!--more--><\/p>\n<hr \/>\n<p>Tras un arduo trabajo colectivo entre Central de Noticias y la directora de FM Sapiens 102.7, Melisa MacDonald, en la ma\u00f1ana de este viernes <strong>se firm\u00f3 el contrato de trabajo conjunto entre la emisora radial y este medio que permitir\u00e1 llevar adelante la labor period\u00edstica desde las oficinas ubicadas en \u00c1lvaro Barros 2710.<\/strong><\/p>\n<p>&nbsp;<\/p>\n<p><img data-recalc-dims=\"1\" loading=\"lazy\" decoding=\"async\" class=\"alignnone size-full wp-image-20368\" src=\"https:\/\/i0.wp.com\/cdnoticias.com\/wp-content\/uploads\/2021\/04\/OficinaCDN2.jpeg?resize=800%2C453&#038;ssl=1\" alt=\"\" width=\"800\" height=\"453\" srcset=\"https:\/\/i0.wp.com\/cdnoticias.com\/wp-content\/uploads\/2021\/04\/OficinaCDN2.jpeg?w=1096&amp;ssl=1 1096w, https:\/\/i0.wp.com\/cdnoticias.com\/wp-content\/uploads\/2021\/04\/OficinaCDN2.jpeg?resize=300%2C170&amp;ssl=1 300w, https:\/\/i0.wp.com\/cdnoticias.com\/wp-content\/uploads\/2021\/04\/OficinaCDN2.jpeg?resize=768%2C434&amp;ssl=1 768w, https:\/\/i0.wp.com\/cdnoticias.com\/wp-content\/uploads\/2021\/04\/OficinaCDN2.jpeg?resize=1024%2C579&amp;ssl=1 1024w\" sizes=\"auto, (max-width: 800px) 100vw, 800px\" \/><\/p>\n<p>&nbsp;<\/p>\n<p>Adem\u00e1s de la oficina, equipada para poder realizar la tarea period\u00edstica con la que cientos de olavarrienses se informan a diario, <strong>se realizar\u00e1 un trabajo period\u00edstico en conjunto con la programaci\u00f3n de FM Sapiens de lunes a s\u00e1bado para llevarle a los vecinos una informaci\u00f3n de calidad y seria, potenciando las premisas que tanto Central de Noticias como la emisora radial buscan desde sus inicios.<\/strong><\/p>\n<p>&nbsp;<\/p>\n<blockquote><p>Por FM Sapiens particip\u00f3 la directora del medio, y por Central de Noticias dos de sus integrantes, Josefina Bargas y Alexis Grierson.<\/p><\/blockquote>\n<p>&nbsp;<\/p>\n<p>Cabe se\u00f1alar que adem\u00e1s de las oficinas, <strong>cualquier vecino tendr\u00e1 un canal de contacto y atenci\u00f3n con los integrantes del medio digital en \u00c1lvaro Barros 2710 de 9 a 17 horas.<\/strong><\/p>\n<p>&nbsp;<\/p>\n<p><img data-recalc-dims=\"1\" loading=\"lazy\" decoding=\"async\" class=\"alignnone size-full wp-image-20371\" src=\"https:\/\/i0.wp.com\/cdnoticias.com\/wp-content\/uploads\/2021\/04\/OficinaCDN5.jpg?resize=800%2C600&#038;ssl=1\" alt=\"\" width=\"800\" height=\"600\" srcset=\"https:\/\/i0.wp.com\/cdnoticias.com\/wp-content\/uploads\/2021\/04\/OficinaCDN5.jpg?w=4160&amp;ssl=1 4160w, https:\/\/i0.wp.com\/cdnoticias.com\/wp-content\/uploads\/2021\/04\/OficinaCDN5.jpg?resize=300%2C225&amp;ssl=1 300w, https:\/\/i0.wp.com\/cdnoticias.com\/wp-content\/uploads\/2021\/04\/OficinaCDN5.jpg?resize=768%2C576&amp;ssl=1 768w, https:\/\/i0.wp.com\/cdnoticias.com\/wp-content\/uploads\/2021\/04\/OficinaCDN5.jpg?resize=1024%2C768&amp;ssl=1 1024w, https:\/\/i0.wp.com\/cdnoticias.com\/wp-content\/uploads\/2021\/04\/OficinaCDN5.jpg?w=1600&amp;ssl=1 1600w, https:\/\/i0.wp.com\/cdnoticias.com\/wp-content\/uploads\/2021\/04\/OficinaCDN5.jpg?w=2400&amp;ssl=1 2400w\" sizes=\"auto, (max-width: 800px) 100vw, 800px\" \/><\/p>\n<p>&nbsp;<\/p>\n<p>Adem\u00e1s de<strong> Central de Noticias, en este lugar se realizar\u00e1 \u201cMinuto Central\u201d con Danisa Jaime, se llevar\u00e1n adelante entrevistas con los diversos actores de la ciudad y tambi\u00e9n ser\u00e1 la base y sede de las coberturas que se realicen en cada punto de todo el Partido de Olavarr\u00eda.<\/strong><\/p>\n","protected":false},"excerpt":{"rendered":"<p>Este viernes se ratific\u00f3 el acuerdo institucional con FM Sapiens 102.7 y realizar\u00e1 la producci\u00f3n de informaci\u00f3n en las oficinas<\/p>\n","protected":false},"author":2,"featured_media":20369,"comment_status":"closed","ping_status":"closed","sticky":false,"template":"","format":"standard","meta":{"_jetpack_memberships_contains_paid_content":false,"footnotes":""},"categories":[1],"tags":[],"class_list":["post-20364","post","type-post","status-publish","format-standard","has-post-thumbnail","hentry","category-portada"],"jetpack_featured_media_url":"https:\/\/i0.wp.com\/cdnoticias.com\/wp-content\/uploads\/2021\/04\/OficinaCDN3.jpg?fit=4608%2C3456&ssl=1","jetpack_sharing_enabled":true,"_links":{"self":[{"href":"https:\/\/cdnoticias.com\/index.php\/wp-json\/wp\/v2\/posts\/20364","targetHints":{"allow":["GET"]}}],"collection":[{"href":"https:\/\/cdnoticias.com\/index.php\/wp-json\/wp\/v2\/posts"}],"about":[{"href":"https:\/\/cdnoticias.com\/index.php\/wp-json\/wp\/v2\/types\/post"}],"author":[{"embeddable":true,"href":"https:\/\/cdnoticias.com\/index.php\/wp-json\/wp\/v2\/users\/2"}],"replies":[{"embeddable":true,"href":"https:\/\/cdnoticias.com\/index.php\/wp-json\/wp\/v2\/comments?post=20364"}],"version-history":[{"count":0,"href":"https:\/\/cdnoticias.com\/index.php\/wp-json\/wp\/v2\/posts\/20364\/revisions"}],"wp:featuredmedia":[{"embeddable":true,"href":"https:\/\/cdnoticias.com\/index.php\/wp-json\/wp\/v2\/media\/20369"}],"wp:attachment":[{"href":"https:\/\/cdnoticias.com\/index.php\/wp-json\/wp\/v2\/media?parent=20364"}],"wp:term":[{"taxonomy":"category","embeddable":true,"href":"https:\/\/cdnoticias.com\/index.php\/wp-json\/wp\/v2\/categories?post=20364"},{"taxonomy":"post_tag","embeddable":true,"href":"https:\/\/cdnoticias.com\/index.php\/wp-json\/wp\/v2\/tags?post=20364"}],"curies":[{"name":"wp","href":"https:\/\/api.w.org\/{rel}","templated":true}]}}