{"id":20329,"date":"2021-05-01T16:01:22","date_gmt":"2021-05-01T19:01:22","guid":{"rendered":"http:\/\/www.centraldenoticias.com.ar\/?p=20329"},"modified":"2021-05-01T18:07:53","modified_gmt":"2021-05-01T21:07:53","slug":"como-sera-la-futura-sede-de-la-casa-de-la-provincia","status":"publish","type":"post","link":"https:\/\/cdnoticias.com\/index.php\/2021\/05\/01\/como-sera-la-futura-sede-de-la-casa-de-la-provincia\/","title":{"rendered":"C\u00f3mo ser\u00e1 la futura sede de la Casa de la Provincia"},"content":{"rendered":"<p>El Ministerio de Infraestructura lanz\u00f3 la licitaci\u00f3n de la obra. Se emplazar\u00e1 sobre calle Jun\u00edn en el Parque Alberdi.<!--more--><\/p>\n<hr \/>\n<p><strong>Este jueves se lanz\u00f3 la licitaci\u00f3n para la construcci\u00f3n de la Casa de la Provincia de Buenos Aires en Olavarr\u00eda<\/strong>, obra a cargo del Ministerio de Infraestructura bonaerense y que <a href=\"https:\/\/cdnoticias.com\/index.php\/2021\/04\/29\/la-casa-de-la-provincia-una-inversion-de-1936-millones-en-olavarria\/\" target=\"_blank\" rel=\"noopener\">demandar\u00e1 una inversi\u00f3n de 193,6 millones de pesos<\/a>.<\/p>\n<p>&nbsp;<\/p>\n<p>Para completar la obra se prev\u00e9 <strong>un plazo de 18 meses tras la adjudicaci\u00f3n<\/strong>. Cabe se\u00f1alar que la apertura de ofertas est\u00e1 programada para el 19 de mayo.<\/p>\n<p>&nbsp;<\/p>\n<p><iframe loading=\"lazy\" title=\"YouTube video player\" src=\"https:\/\/www.youtube.com\/embed\/OIxSo6Hb3wI\" width=\"560\" height=\"315\" frameborder=\"0\" allowfullscreen=\"allowfullscreen\"><\/iframe><\/p>\n<p>&nbsp;<\/p>\n<p>Tal como adelant\u00f3 <strong>Federico Aguilera<\/strong>, el edificio <strong>se construir\u00e1 en el barrio El Provincial<\/strong> en un terreno que pertenece al estado bonaerense.<\/p>\n<p>&nbsp;<\/p>\n<blockquote><p>M\u00e1s precisamente, se har\u00e1 en Jun\u00edn entre Dorrego y Necochea, frente al cors\u00f3dromo.<\/p><\/blockquote>\n<p>&nbsp;<\/p>\n<p><img data-recalc-dims=\"1\" loading=\"lazy\" decoding=\"async\" class=\"aligncenter wp-image-20330 size-full\" src=\"https:\/\/i0.wp.com\/cdnoticias.com\/wp-content\/uploads\/2021\/04\/casa-de-la-provincia03.jpg?resize=800%2C445&#038;ssl=1\" alt=\"\" width=\"800\" height=\"445\" srcset=\"https:\/\/i0.wp.com\/cdnoticias.com\/wp-content\/uploads\/2021\/04\/casa-de-la-provincia03.jpg?w=800&amp;ssl=1 800w, https:\/\/i0.wp.com\/cdnoticias.com\/wp-content\/uploads\/2021\/04\/casa-de-la-provincia03.jpg?resize=300%2C167&amp;ssl=1 300w, https:\/\/i0.wp.com\/cdnoticias.com\/wp-content\/uploads\/2021\/04\/casa-de-la-provincia03.jpg?resize=768%2C427&amp;ssl=1 768w\" sizes=\"auto, (max-width: 800px) 100vw, 800px\" \/><\/p>\n<p>&nbsp;<\/p>\n<p><strong>El Ministerio de Infraestructura dio a conocer el prototipo de obra<\/strong> en el marco del lanzamiento de la licitaci\u00f3n.<\/p>\n<p>&nbsp;<\/p>\n<p>La sede tendr\u00e1 planta baja y dos pisos. <strong>La superficie total es de 1.152,86 metros cuadrados<\/strong>, de los cuales 1.075 son metros cubiertos y los restantes 77 son metros cuadrados semicubiertos.<\/p>\n<p>&nbsp;<\/p>\n<p><img data-recalc-dims=\"1\" loading=\"lazy\" decoding=\"async\" class=\"aligncenter wp-image-20331 size-full\" src=\"https:\/\/i0.wp.com\/cdnoticias.com\/wp-content\/uploads\/2021\/04\/casa-de-la-provincia00.jpg?resize=768%2C426&#038;ssl=1\" alt=\"\" width=\"768\" height=\"426\" srcset=\"https:\/\/i0.wp.com\/cdnoticias.com\/wp-content\/uploads\/2021\/04\/casa-de-la-provincia00.jpg?w=768&amp;ssl=1 768w, https:\/\/i0.wp.com\/cdnoticias.com\/wp-content\/uploads\/2021\/04\/casa-de-la-provincia00.jpg?resize=300%2C166&amp;ssl=1 300w\" sizes=\"auto, (max-width: 768px) 100vw, 768px\" \/><\/p>\n<p>&nbsp;<\/p>\n<p>Adem\u00e1s de la construcci\u00f3n, la licitaci\u00f3n incluye la <strong>provisi\u00f3n y colocaci\u00f3n de se\u00f1al\u00e9tica y carteler\u00eda, as\u00ed como la provisi\u00f3n e instalaci\u00f3n de equipamiento y mobiliario interior<\/strong>.<\/p>\n<p>&nbsp;<\/p>\n<p>Si bien a\u00fan no se defini\u00f3 qu\u00e9 organismos locales se ubicar\u00e1n en la futura sede,<em> en cada Casa de la Provincia funcionan delegaciones de organismos p\u00fablicos\u00a0provinciales, tales como el Registro de las Personas, Instituto de Previsi\u00f3n Social, la obra social IOMA, Ministerio de Mujeres y pol\u00edticas de G\u00e9nero, Ministerio de Trabajo, entre otras<\/em>.<\/p>\n<p>&nbsp;<\/p>\n<blockquote><p>\u201cEs un organismo con altos est\u00e1ndares de servicio y calidad capacitado para desarrollar con eficiencia diferentes respuestas a las demandas de los ciudadanos\u201d se defini\u00f3 en el marco de la licitaci\u00f3n.<\/p><\/blockquote>\n<p>&nbsp;<\/p>\n<p><img data-recalc-dims=\"1\" loading=\"lazy\" decoding=\"async\" class=\"aligncenter wp-image-20332\" src=\"https:\/\/i0.wp.com\/cdnoticias.com\/wp-content\/uploads\/2021\/04\/casa-de-la-provincia01.jpg?resize=600%2C414&#038;ssl=1\" alt=\"\" width=\"600\" height=\"414\" srcset=\"https:\/\/i0.wp.com\/cdnoticias.com\/wp-content\/uploads\/2021\/04\/casa-de-la-provincia01.jpg?w=800&amp;ssl=1 800w, https:\/\/i0.wp.com\/cdnoticias.com\/wp-content\/uploads\/2021\/04\/casa-de-la-provincia01.jpg?resize=300%2C207&amp;ssl=1 300w, https:\/\/i0.wp.com\/cdnoticias.com\/wp-content\/uploads\/2021\/04\/casa-de-la-provincia01.jpg?resize=768%2C530&amp;ssl=1 768w, https:\/\/i0.wp.com\/cdnoticias.com\/wp-content\/uploads\/2021\/04\/casa-de-la-provincia01.jpg?resize=130%2C90&amp;ssl=1 130w\" sizes=\"auto, (max-width: 600px) 100vw, 600px\" \/><\/p>\n","protected":false},"excerpt":{"rendered":"<p>El Ministerio de Infraestructura lanz\u00f3 la licitaci\u00f3n de la obra. Se emplazar\u00e1 sobre calle Jun\u00edn en el Parque Alberdi.<\/p>\n","protected":false},"author":4,"featured_media":20333,"comment_status":"closed","ping_status":"closed","sticky":false,"template":"","format":"standard","meta":{"_jetpack_memberships_contains_paid_content":false,"footnotes":""},"categories":[1],"tags":[],"class_list":["post-20329","post","type-post","status-publish","format-standard","has-post-thumbnail","hentry","category-portada"],"jetpack_featured_media_url":"https:\/\/i0.wp.com\/cdnoticias.com\/wp-content\/uploads\/2021\/04\/casa-de-la-provincia02.jpg?fit=800%2C405&ssl=1","jetpack_sharing_enabled":true,"_links":{"self":[{"href":"https:\/\/cdnoticias.com\/index.php\/wp-json\/wp\/v2\/posts\/20329","targetHints":{"allow":["GET"]}}],"collection":[{"href":"https:\/\/cdnoticias.com\/index.php\/wp-json\/wp\/v2\/posts"}],"about":[{"href":"https:\/\/cdnoticias.com\/index.php\/wp-json\/wp\/v2\/types\/post"}],"author":[{"embeddable":true,"href":"https:\/\/cdnoticias.com\/index.php\/wp-json\/wp\/v2\/users\/4"}],"replies":[{"embeddable":true,"href":"https:\/\/cdnoticias.com\/index.php\/wp-json\/wp\/v2\/comments?post=20329"}],"version-history":[{"count":0,"href":"https:\/\/cdnoticias.com\/index.php\/wp-json\/wp\/v2\/posts\/20329\/revisions"}],"wp:featuredmedia":[{"embeddable":true,"href":"https:\/\/cdnoticias.com\/index.php\/wp-json\/wp\/v2\/media\/20333"}],"wp:attachment":[{"href":"https:\/\/cdnoticias.com\/index.php\/wp-json\/wp\/v2\/media?parent=20329"}],"wp:term":[{"taxonomy":"category","embeddable":true,"href":"https:\/\/cdnoticias.com\/index.php\/wp-json\/wp\/v2\/categories?post=20329"},{"taxonomy":"post_tag","embeddable":true,"href":"https:\/\/cdnoticias.com\/index.php\/wp-json\/wp\/v2\/tags?post=20329"}],"curies":[{"name":"wp","href":"https:\/\/api.w.org\/{rel}","templated":true}]}}