{"id":20273,"date":"2021-04-30T08:47:02","date_gmt":"2021-04-30T11:47:02","guid":{"rendered":"http:\/\/www.centraldenoticias.com.ar\/?p=20273"},"modified":"2021-04-30T08:47:02","modified_gmt":"2021-04-30T11:47:02","slug":"gerardo-mariano-abad-q-e-p-d","status":"publish","type":"post","link":"https:\/\/cdnoticias.com\/index.php\/2021\/04\/30\/gerardo-mariano-abad-q-e-p-d\/","title":{"rendered":"Gerardo Mariano Abad (Q.E.P.D.)"},"content":{"rendered":"<p>Falleci\u00f3 en Olavarr\u00eda el d\u00eda 30 de abril de 2021 a los 48 a\u00f1os de edad. Su esposa Claudia Dur\u00e1n, su hijo en el afecto Joaqu\u00edn Tosi Dur\u00e1n, su hermana Cecilia Abad, sus cu\u00f1ados Mariano Visconti, Marcelo y Mauricio Dur\u00e1n;\u00a0 sus sobrinos Camila y Tomas Visconti, Luca y Paz Dur\u00e1n,\u00a0 familiares, amigos y dem\u00e1s deudos participan su fallecimiento.<\/p>\n<p>Velatorio: Sala de Espa\u00f1a 2942 departamento &#8221;C&#8221; viernes 30 de 8:30 a 10:30. Responso: Capilla ardiente. Inhumaci\u00f3n: Cementerio Loma De Paz, s\u00e1bado 1 a las 10:30. Servicio adherido a Coopelectric.<\/p>\n<p>Barrio en el que viv\u00eda: Provincias Unidas<\/p>\n<p>Lugar de nacimiento: Olavarr\u00eda<\/p>\n<p>Actividad que desarrollaba: Empresario<\/p>\n","protected":false},"excerpt":{"rendered":"<p>Falleci\u00f3 en Olavarr\u00eda el d\u00eda 30 de abril de 2021 a los 48 a\u00f1os de edad. Su esposa Claudia Dur\u00e1n,<\/p>\n","protected":false},"author":4,"featured_media":0,"comment_status":"closed","ping_status":"closed","sticky":false,"template":"","format":"standard","meta":{"_jetpack_memberships_contains_paid_content":false,"footnotes":""},"categories":[10],"tags":[],"class_list":["post-20273","post","type-post","status-publish","format-standard","hentry","category-necrologicas"],"jetpack_featured_media_url":"","jetpack_sharing_enabled":true,"_links":{"self":[{"href":"https:\/\/cdnoticias.com\/index.php\/wp-json\/wp\/v2\/posts\/20273","targetHints":{"allow":["GET"]}}],"collection":[{"href":"https:\/\/cdnoticias.com\/index.php\/wp-json\/wp\/v2\/posts"}],"about":[{"href":"https:\/\/cdnoticias.com\/index.php\/wp-json\/wp\/v2\/types\/post"}],"author":[{"embeddable":true,"href":"https:\/\/cdnoticias.com\/index.php\/wp-json\/wp\/v2\/users\/4"}],"replies":[{"embeddable":true,"href":"https:\/\/cdnoticias.com\/index.php\/wp-json\/wp\/v2\/comments?post=20273"}],"version-history":[{"count":0,"href":"https:\/\/cdnoticias.com\/index.php\/wp-json\/wp\/v2\/posts\/20273\/revisions"}],"wp:attachment":[{"href":"https:\/\/cdnoticias.com\/index.php\/wp-json\/wp\/v2\/media?parent=20273"}],"wp:term":[{"taxonomy":"category","embeddable":true,"href":"https:\/\/cdnoticias.com\/index.php\/wp-json\/wp\/v2\/categories?post=20273"},{"taxonomy":"post_tag","embeddable":true,"href":"https:\/\/cdnoticias.com\/index.php\/wp-json\/wp\/v2\/tags?post=20273"}],"curies":[{"name":"wp","href":"https:\/\/api.w.org\/{rel}","templated":true}]}}