{"id":2027,"date":"2020-09-21T11:48:06","date_gmt":"2020-09-21T14:48:06","guid":{"rendered":"http:\/\/www.centraldenoticias.com.ar\/?p=2027"},"modified":"2020-09-21T11:48:06","modified_gmt":"2020-09-21T14:48:06","slug":"latife-nora-nedir-viuda-de-guerci-q-e-p-d-2","status":"publish","type":"post","link":"https:\/\/cdnoticias.com\/index.php\/2020\/09\/21\/latife-nora-nedir-viuda-de-guerci-q-e-p-d-2\/","title":{"rendered":"Latife Nora Nedir viuda de Guerci (Q.E.P.D.)"},"content":{"rendered":"<p>Falleci\u00f3 en Olavarr\u00eda el d\u00eda 18 de septiembre a los 85 a\u00f1os de edad. Sus hijas Marcela y M\u00f3nica. Sus sobrinos y dem\u00e1s deudos participan su fallecimiento.<\/p>\n<p>No se realiza velatorio ni responso. Cremaci\u00f3n en el Crematorio Pinos De Paz el martes 22 de septiembre a las 12. Servicio adherido a Coopelectric.<\/p>\n<p>Era vecina de Microcentro. Nacida en Olavarr\u00eda. Jubilada docente.<\/p>\n","protected":false},"excerpt":{"rendered":"<p>Falleci\u00f3 en Olavarr\u00eda el d\u00eda 18 de septiembre a los 85 a\u00f1os de edad. Sus hijas Marcela y M\u00f3nica. Sus<\/p>\n","protected":false},"author":4,"featured_media":0,"comment_status":"closed","ping_status":"closed","sticky":false,"template":"","format":"standard","meta":{"_jetpack_memberships_contains_paid_content":false,"footnotes":""},"categories":[10],"tags":[],"class_list":["post-2027","post","type-post","status-publish","format-standard","hentry","category-necrologicas"],"jetpack_featured_media_url":"","jetpack_sharing_enabled":true,"_links":{"self":[{"href":"https:\/\/cdnoticias.com\/index.php\/wp-json\/wp\/v2\/posts\/2027","targetHints":{"allow":["GET"]}}],"collection":[{"href":"https:\/\/cdnoticias.com\/index.php\/wp-json\/wp\/v2\/posts"}],"about":[{"href":"https:\/\/cdnoticias.com\/index.php\/wp-json\/wp\/v2\/types\/post"}],"author":[{"embeddable":true,"href":"https:\/\/cdnoticias.com\/index.php\/wp-json\/wp\/v2\/users\/4"}],"replies":[{"embeddable":true,"href":"https:\/\/cdnoticias.com\/index.php\/wp-json\/wp\/v2\/comments?post=2027"}],"version-history":[{"count":0,"href":"https:\/\/cdnoticias.com\/index.php\/wp-json\/wp\/v2\/posts\/2027\/revisions"}],"wp:attachment":[{"href":"https:\/\/cdnoticias.com\/index.php\/wp-json\/wp\/v2\/media?parent=2027"}],"wp:term":[{"taxonomy":"category","embeddable":true,"href":"https:\/\/cdnoticias.com\/index.php\/wp-json\/wp\/v2\/categories?post=2027"},{"taxonomy":"post_tag","embeddable":true,"href":"https:\/\/cdnoticias.com\/index.php\/wp-json\/wp\/v2\/tags?post=2027"}],"curies":[{"name":"wp","href":"https:\/\/api.w.org\/{rel}","templated":true}]}}