{"id":202501,"date":"2026-05-06T16:04:16","date_gmt":"2026-05-06T19:04:16","guid":{"rendered":"https:\/\/cdnoticias.com\/?p=202501"},"modified":"2026-05-06T16:54:17","modified_gmt":"2026-05-06T19:54:17","slug":"loma-negra-presento-un-balance-con-mejoras-significativas-y-sus-acciones-volaron-en-wall-street","status":"publish","type":"post","link":"https:\/\/cdnoticias.com\/index.php\/2026\/05\/06\/loma-negra-presento-un-balance-con-mejoras-significativas-y-sus-acciones-volaron-en-wall-street\/","title":{"rendered":"Loma Negra present\u00f3 un balance con mejoras significativas y sus acciones volaron en Wall Street"},"content":{"rendered":"<p>La cementera mostr\u00f3 una recuperaci\u00f3n operativa en el arranque de 2026, con mayor rentabilidad y una mejora en sus retios financieros. Sus acciones reaccionaron con fuertes subas ante se\u00f1ales incipientes de rebote para la construcci\u00f3n.<\/p>\n\n\n<hr class=\"wp-block-separator has-alpha-channel-opacity\"\/>\n\n\n\n<!--more-->\n\n\n\n<p id=\"p-1778008936077-96713\"><strong>Loma Negra<\/strong>\u00a0present\u00f3 su\u00a0<strong>balance del primer trimestre de 2026<\/strong>\u00a0con una\u00a0<strong>mejora significativa<\/strong>\u00a0en sus principales indicadores. Tras la publicaci\u00f3n de los resultados,\u00a0<strong>las acciones subieron 6,7% en pesos y los ADR avanzaron 7,8% en Wall Street<\/strong>.<\/p>\n\n\n\n<p><\/p>\n\n\n\n<p id=\"p-1778008936077-38556\">La compa\u00f1\u00eda inform\u00f3&nbsp;<strong>ingresos netos por $218.739 millones<\/strong>, equivalentes a<strong>&nbsp;u$s149 millones<\/strong>, con un&nbsp;<strong>crecimiento interanual de 1,1%<\/strong>, mientras que la&nbsp;<strong>utilidad neta trep\u00f3 44,2% hasta $40.627 millones<\/strong>. El&nbsp;<strong>EBITDA ajustado en d\u00f3lares creci\u00f3 11,5% interanual<\/strong>, a&nbsp;<strong>u$s45 millones<\/strong>, con un margen de 24,9%, lo que representa 94 puntos b\u00e1sicos m\u00e1s que en 2025 y&nbsp;<strong>la mejor performance marginal desde el cuarto trimestre de 2024.<\/strong><\/p>\n\n\n\n<p><\/p>\n\n\n\n<p id=\"p-1778008936077-32513\">De esta forma, el balance marc\u00f3 un&nbsp;<strong>cambio de tendencia frente a trimestres previos<\/strong>, atravesados por&nbsp;<strong>menor volumen, presi\u00f3n sobre m\u00e1rgenes y una recuperaci\u00f3n m\u00e1s lenta que la esperada<\/strong>&nbsp;en una&nbsp;<strong>coyuntura econ\u00f3mica local desfavorable.<\/strong><\/p>\n\n\n\n<p><\/p>\n\n\n\n<h2 class=\"wp-block-heading\" id=\"p-1778008936077-64387\"><strong>Marzo marc\u00f3 el quiebre hacia una recuperaci\u00f3n<\/strong><\/h2>\n\n\n\n<p><\/p>\n\n\n\n<p id=\"p-1778008936077-90398\"><strong>En cemento, cal y mamposter\u00eda<\/strong>, los<strong>&nbsp;ingresos crecieron 0,8% interanual<\/strong>&nbsp;y los&nbsp;<strong>vol\u00famenes avanzaron 1,8%<\/strong>, impulsados por el despacho a granel, asociado a proyectos de mayor escala, obras p\u00fablicas y demanda de productores de hormig\u00f3n. En cambio,&nbsp;<strong>el cemento en bolsa sigui\u00f3 bajo presi\u00f3n por una demanda minorista m\u00e1s cautelosa<\/strong>, aunque&nbsp;<strong>marzo mostr\u00f3 una din\u00e1mica m\u00e1s favorable.<\/strong><\/p>\n\n\n\n<p><\/p>\n\n\n\n<p id=\"p-1778008936077-80600\"><strong>El CEO Sergio Faifman&nbsp;<\/strong>remarc\u00f3 que&nbsp;<strong>la empresa inici\u00f3 el a\u00f1o con \u201cexpectativas renovadas\u201d<\/strong>, aunque reconoci\u00f3 que&nbsp;<strong>los vol\u00famenes de la industria estuvieron \u201crelativamente d\u00e9biles\u201d por una salida m\u00e1s lenta de la estacionalidad de verano<\/strong>. \u201c<strong>Marzo mostr\u00f3 un nivel de actividad m\u00e1s alentador<\/strong>, lo que permiti\u00f3 cerrar el trimestre con una nota positiva\u201d, se\u00f1al\u00f3. Tambi\u00e9n destac\u00f3 \u201c<strong>mejoras en m\u00e1rgenes y en generaci\u00f3n de EBITDA por tonelada<\/strong>, tanto en t\u00e9rminos secuenciales como interanuales\u201d.<\/p>\n\n\n\n<p><\/p>\n\n\n\n<p id=\"p-1778008936077-26165\"><strong>La mejora de la rentabilidad<\/strong>&nbsp;se apoy\u00f3 en&nbsp;<strong>disciplina de costos, eficiencia operativa y una administraci\u00f3n m\u00e1s ajustada de gastos<\/strong>. El&nbsp;<strong>CFO Marcos Gradin<\/strong>&nbsp;explic\u00f3 que&nbsp;<strong>los ingresos revirtieron la tendencia de ca\u00eddas previas<\/strong>,&nbsp;<strong>principalmente por cemento y el segmento ferroviario<\/strong>. El&nbsp;<strong>margen bruto se ubic\u00f3 en 26,1%<\/strong>, con una&nbsp;<strong>baja leve de 37 puntos b\u00e1sicos interanual<\/strong>, pero con una&nbsp;<strong>mejora trimestral de 256 puntos b\u00e1sicos<\/strong>. Los&nbsp;<strong>gastos comerciales y administrativos cayeron 3,9%<\/strong>&nbsp;y representaron el 11,1% de las ventas.<\/p>\n\n\n\n<p><\/p>\n\n\n\n<p id=\"p-1778008936077-58650\">En el detalle por segmentos,&nbsp;<strong>el hormig\u00f3n aument\u00f3 14% sus vol\u00famenes<\/strong>, apoyado en&nbsp;<strong>desarrollos log\u00edsticos, proyectos residenciales y obra p\u00fablica en Santa Fe<\/strong>, aunque sus ingresos cayeron 1,9% por presi\u00f3n de precios.<\/p>\n\n\n\n<p><\/p>\n\n\n\n<p id=\"p-1778008936078-5342\">La&nbsp;<strong>ganancia neta atribuible a los accionistas alcanz\u00f3 $41.000 millones,<\/strong>&nbsp;frente a $28.500 millones del primer trimestre de 2025. Seg\u00fan&nbsp;<strong>Gradin<\/strong>, la mejora respondi\u00f3 a&nbsp;<strong>mayores ganancias financieras y mejor desempe\u00f1o operativo<\/strong>, parcialmente compensados por&nbsp;<strong>m\u00e1s impuesto a las ganancias<\/strong>.<\/p>\n\n\n\n<p><\/p>\n\n\n\n<p id=\"p-1778009183292-55948\">A su vez, la compa\u00f1\u00eda registr\u00f3 una&nbsp;<strong>ganancia financiera neta de $32.400 millones<\/strong>,&nbsp;<strong>favorecida por la apreciaci\u00f3n del peso sobre pasivos en d\u00f3lares<\/strong>. En paralelo,&nbsp;<strong>la deuda neta cerr\u00f3 en $259.407 millones<\/strong>, o u$s186 millones, con una relaci\u00f3n deuda neta\/EBITDA ajustado de 1,3 veces.<\/p>\n\n\n\n<p><\/p>\n\n\n\n<h2 class=\"wp-block-heading\" id=\"p-1778008936078-52508\"><strong>El contexto macro sigue siendo mixto<\/strong><\/h2>\n\n\n\n<p><\/p>\n\n\n\n<p id=\"p-1778008936078-32393\">Gradin record\u00f3 que&nbsp;<strong>el EMAE cay\u00f3 2,1% interanual en febrero<\/strong>, con&nbsp;<strong>bajas m\u00e1s fuertes en industria y comercio<\/strong>. Sin embargo, la construcci\u00f3n exhibi\u00f3 mayor resiliencia, con el&nbsp;<strong>ISAC (Indicador Sint\u00e9tico de la Actividad de la Construcci\u00f3n) cayendo 0,7% en febrero, pero acumul\u00f3 una suba de 0,3% en el primer bimestre<\/strong>. A la vez,&nbsp;<strong>los despachos de cemento repuntaron 11% interanual en marzo.<\/strong><\/p>\n\n\n\n<p><\/p>\n\n\n\n<p id=\"p-1778008936078-67726\">De esta forma, a pesar de un balance financiero relativamente positivo, los analistas pusieron el foco en la&nbsp;<strong>sostenibilidad de la mejora de m\u00e1rgenes<\/strong>. Ante una consulta de&nbsp;<strong>Andr\u00e9s Cardoney, del Citi<\/strong>, sobre el segundo trimestre, Gradin respondi\u00f3 que el desempe\u00f1o \u201cno fue una sorpresa\u201d para la compa\u00f1\u00eda. \u201c<strong>Venimos trabajando muy fuerte en la gesti\u00f3n de costos y con una estrategia consistente de precios y mercado<\/strong>. Esperamos mantener estos niveles de m\u00e1rgenes o incluso mejorarlos un poco m\u00e1s\u201d afirm\u00f3.<\/p>\n\n\n\n<p><\/p>\n\n\n\n<p id=\"p-1778008936078-48029\"><strong>Hacia 2026<\/strong>,&nbsp;<strong>la empresa mantiene una visi\u00f3n \u201ccautelosamente optimista\u201d<\/strong>. En esa l\u00ednea, Faifman sostuvo que<strong>&nbsp;la baja y estabilizaci\u00f3n de las tasas, junto con un menor sesgo contractivo de la pol\u00edtica monetaria, deber\u00edan favorecer la recuperaci\u00f3n del cr\u00e9dito y la actividad.<\/strong><\/p>\n\n\n\n<p><\/p>\n\n\n\n<p id=\"p-1778008936078-38827\">Tambi\u00e9n mencion\u00f3 como&nbsp;<strong>motores de mediano plazo la inversi\u00f3n en infraestructura, el d\u00e9ficit habitacional, las concesiones viales y el ciclo de construcci\u00f3n<\/strong>. En el&nbsp;<strong>a\u00f1o de su centenario<\/strong>, Loma Negra apuesta a capturar una recuperaci\u00f3n gradual, apoyada en una&nbsp;<strong>plataforma operativa m\u00e1s eficiente.<\/strong><\/p>\n\n\n\n<p><\/p>\n\n\n\n<p>Fuente: <em>\u00c1mbito<\/em><\/p>\n","protected":false},"excerpt":{"rendered":"<p>La cementera mostr\u00f3 una recuperaci\u00f3n operativa en el arranque de 2026, con mayor rentabilidad y una mejora en sus retios<\/p>\n","protected":false},"author":4,"featured_media":175595,"comment_status":"closed","ping_status":"closed","sticky":false,"template":"","format":"standard","meta":{"_jetpack_memberships_contains_paid_content":false,"footnotes":""},"categories":[5,1],"tags":[],"class_list":["post-202501","post","type-post","status-publish","format-standard","has-post-thumbnail","hentry","category-informacion-general","category-portada"],"jetpack_featured_media_url":"https:\/\/i0.wp.com\/cdnoticias.com\/wp-content\/uploads\/2025\/06\/loma-negra-cemento-Bolsa-25-kilos.jpg?fit=1000%2C667&ssl=1","jetpack_sharing_enabled":true,"_links":{"self":[{"href":"https:\/\/cdnoticias.com\/index.php\/wp-json\/wp\/v2\/posts\/202501","targetHints":{"allow":["GET"]}}],"collection":[{"href":"https:\/\/cdnoticias.com\/index.php\/wp-json\/wp\/v2\/posts"}],"about":[{"href":"https:\/\/cdnoticias.com\/index.php\/wp-json\/wp\/v2\/types\/post"}],"author":[{"embeddable":true,"href":"https:\/\/cdnoticias.com\/index.php\/wp-json\/wp\/v2\/users\/4"}],"replies":[{"embeddable":true,"href":"https:\/\/cdnoticias.com\/index.php\/wp-json\/wp\/v2\/comments?post=202501"}],"version-history":[{"count":0,"href":"https:\/\/cdnoticias.com\/index.php\/wp-json\/wp\/v2\/posts\/202501\/revisions"}],"wp:featuredmedia":[{"embeddable":true,"href":"https:\/\/cdnoticias.com\/index.php\/wp-json\/wp\/v2\/media\/175595"}],"wp:attachment":[{"href":"https:\/\/cdnoticias.com\/index.php\/wp-json\/wp\/v2\/media?parent=202501"}],"wp:term":[{"taxonomy":"category","embeddable":true,"href":"https:\/\/cdnoticias.com\/index.php\/wp-json\/wp\/v2\/categories?post=202501"},{"taxonomy":"post_tag","embeddable":true,"href":"https:\/\/cdnoticias.com\/index.php\/wp-json\/wp\/v2\/tags?post=202501"}],"curies":[{"name":"wp","href":"https:\/\/api.w.org\/{rel}","templated":true}]}}