{"id":2025,"date":"2020-09-21T11:52:10","date_gmt":"2020-09-21T14:52:10","guid":{"rendered":"http:\/\/www.centraldenoticias.com.ar\/?p=2025"},"modified":"2020-09-21T12:20:04","modified_gmt":"2020-09-21T15:20:04","slug":"segunda-manifestacion-del-sector-turistico-en-olavarria","status":"publish","type":"post","link":"https:\/\/cdnoticias.com\/index.php\/2020\/09\/21\/segunda-manifestacion-del-sector-turistico-en-olavarria\/","title":{"rendered":"Segunda manifestaci\u00f3n del sector tur\u00edstico en Olavarr\u00eda"},"content":{"rendered":"<p>Los integrantes del rubro, empresas de transporte, turismo y viajes, hicieron una caravana por calles c\u00e9ntricas. Reclaman apoyo para el sector que no ha podido funcionar desde el inicio de la pandemia.<!--more--><\/p>\n<hr \/>\n<p>En la ma\u00f1ana de este lunes volvi\u00f3 a realizarse la caravana de los integrantes del rubro turismo y transporte en nuestra ciudad.\u00a0El sector vinculado a viajes, turismo y transporte se moviliz\u00f3 en el centro de Olavarr\u00eda. Se trat\u00f3 de <a href=\"https:\/\/cdnoticias.com\/index.php\/2020\/09\/03\/el-turismo-se-hizo-sentir-en-el-centro-con-un-bocinazo\/\">la segunda manifestaci\u00f3n realizada en lo que va del mes<\/a>.<\/p>\n<p>En esta oportunidad la convocatoria fue levemente inferior, aunque igualmente se mostraron en colectivos, autos y motos en la marcha con globos y s\u00edmbolos negros.<\/p>\n<p><img data-recalc-dims=\"1\" loading=\"lazy\" decoding=\"async\" class=\"alignnone size-large wp-image-2039\" src=\"https:\/\/i0.wp.com\/cdnoticias.com\/wp-content\/uploads\/2020\/09\/turismo3.jpg?resize=800%2C534&#038;ssl=1\" alt=\"\" width=\"800\" height=\"534\" srcset=\"https:\/\/i0.wp.com\/cdnoticias.com\/wp-content\/uploads\/2020\/09\/turismo3.jpg?resize=1024%2C683&amp;ssl=1 1024w, https:\/\/i0.wp.com\/cdnoticias.com\/wp-content\/uploads\/2020\/09\/turismo3.jpg?resize=300%2C200&amp;ssl=1 300w, https:\/\/i0.wp.com\/cdnoticias.com\/wp-content\/uploads\/2020\/09\/turismo3.jpg?resize=768%2C512&amp;ssl=1 768w, https:\/\/i0.wp.com\/cdnoticias.com\/wp-content\/uploads\/2020\/09\/turismo3.jpg?resize=272%2C182&amp;ssl=1 272w, https:\/\/i0.wp.com\/cdnoticias.com\/wp-content\/uploads\/2020\/09\/turismo3.jpg?w=1600&amp;ssl=1 1600w, https:\/\/i0.wp.com\/cdnoticias.com\/wp-content\/uploads\/2020\/09\/turismo3.jpg?w=2400&amp;ssl=1 2400w\" sizes=\"auto, (max-width: 800px) 100vw, 800px\" \/><\/p>\n<p>Partieron desde Necochea y Alsina para recorrer las calles c\u00e9ntricas haciendo sonar las bocinas de los veh\u00edculos. Al igual que en la vez anterior, los manifestantes se mantuvieron en los veh\u00edculos y se expresaron a trav\u00e9s de carteler\u00eda y con banderas, adem\u00e1s de los bocinazos.<\/p>\n<p>La convocatoria se realiz\u00f3 a nivel nacional con lo que en distintos puntos del pa\u00eds tambi\u00e9n se dieron actividades similares.<\/p>\n<p><img data-recalc-dims=\"1\" loading=\"lazy\" decoding=\"async\" class=\"alignnone size-large wp-image-2041\" src=\"https:\/\/i0.wp.com\/cdnoticias.com\/wp-content\/uploads\/2020\/09\/turismo5.jpg?resize=800%2C534&#038;ssl=1\" alt=\"\" width=\"800\" height=\"534\" srcset=\"https:\/\/i0.wp.com\/cdnoticias.com\/wp-content\/uploads\/2020\/09\/turismo5.jpg?resize=1024%2C683&amp;ssl=1 1024w, https:\/\/i0.wp.com\/cdnoticias.com\/wp-content\/uploads\/2020\/09\/turismo5.jpg?resize=300%2C200&amp;ssl=1 300w, https:\/\/i0.wp.com\/cdnoticias.com\/wp-content\/uploads\/2020\/09\/turismo5.jpg?resize=768%2C512&amp;ssl=1 768w, https:\/\/i0.wp.com\/cdnoticias.com\/wp-content\/uploads\/2020\/09\/turismo5.jpg?resize=272%2C182&amp;ssl=1 272w, https:\/\/i0.wp.com\/cdnoticias.com\/wp-content\/uploads\/2020\/09\/turismo5.jpg?w=1600&amp;ssl=1 1600w, https:\/\/i0.wp.com\/cdnoticias.com\/wp-content\/uploads\/2020\/09\/turismo5.jpg?w=2400&amp;ssl=1 2400w\" sizes=\"auto, (max-width: 800px) 100vw, 800px\" \/><\/p>\n<p>Este sector se ha mantenido sin actividad desde el inicio de la pandemia con lo que la situaci\u00f3n econ\u00f3mica es cr\u00edtica, a lo que sumaron las medidas que el Gobierno Nacional ha tomado sobre la pol\u00edtica cambiaria ya desde el a\u00f1o pasado. \u201cLa implementaci\u00f3n del impuesto PAIS sumado a la retenci\u00f3n del 35% por la resoluci\u00f3n 4815 de AFIP tendr\u00e1n consecuencias irreversibles para nuestro sector\u201d <a href=\"https:\/\/cdnoticias.com\/index.php\/2020\/09\/18\/empresas-de-viajes-y-turismo-convocan-a-una-nueva-movilizacion\/\">plantearon en la difusi\u00f3n de la convocatoria<\/a> a la manifestaci\u00f3n. \u201cJuntos defendemos a las empresas de viajes y turismo\u201d, se enfatiz\u00f3.<\/p>\n<p><img data-recalc-dims=\"1\" loading=\"lazy\" decoding=\"async\" class=\"alignnone size-large wp-image-2038\" src=\"https:\/\/i0.wp.com\/cdnoticias.com\/wp-content\/uploads\/2020\/09\/turismo2.jpg?resize=800%2C534&#038;ssl=1\" alt=\"\" width=\"800\" height=\"534\" srcset=\"https:\/\/i0.wp.com\/cdnoticias.com\/wp-content\/uploads\/2020\/09\/turismo2.jpg?resize=1024%2C683&amp;ssl=1 1024w, https:\/\/i0.wp.com\/cdnoticias.com\/wp-content\/uploads\/2020\/09\/turismo2.jpg?resize=300%2C200&amp;ssl=1 300w, https:\/\/i0.wp.com\/cdnoticias.com\/wp-content\/uploads\/2020\/09\/turismo2.jpg?resize=768%2C512&amp;ssl=1 768w, https:\/\/i0.wp.com\/cdnoticias.com\/wp-content\/uploads\/2020\/09\/turismo2.jpg?resize=272%2C182&amp;ssl=1 272w, https:\/\/i0.wp.com\/cdnoticias.com\/wp-content\/uploads\/2020\/09\/turismo2.jpg?w=1600&amp;ssl=1 1600w, https:\/\/i0.wp.com\/cdnoticias.com\/wp-content\/uploads\/2020\/09\/turismo2.jpg?w=2400&amp;ssl=1 2400w\" sizes=\"auto, (max-width: 800px) 100vw, 800px\" \/><\/p>\n<p>A la par, se reclam\u00f3 por la apertura de fronteras tanto nacionales como internacionales, sumado a la aplicaci\u00f3n de subsidios o ayudas econ\u00f3micas al sector.<\/p>\n","protected":false},"excerpt":{"rendered":"<p>Los integrantes del rubro, empresas de transporte, turismo y viajes, hicieron una caravana por calles c\u00e9ntricas. Reclaman apoyo para el<\/p>\n","protected":false},"author":4,"featured_media":2037,"comment_status":"closed","ping_status":"closed","sticky":false,"template":"","format":"standard","meta":{"_jetpack_memberships_contains_paid_content":false,"footnotes":""},"categories":[5,1],"tags":[],"class_list":["post-2025","post","type-post","status-publish","format-standard","has-post-thumbnail","hentry","category-informacion-general","category-portada"],"jetpack_featured_media_url":"https:\/\/i0.wp.com\/cdnoticias.com\/wp-content\/uploads\/2020\/09\/turismo1.jpg?fit=4608%2C3072&ssl=1","jetpack_sharing_enabled":true,"_links":{"self":[{"href":"https:\/\/cdnoticias.com\/index.php\/wp-json\/wp\/v2\/posts\/2025","targetHints":{"allow":["GET"]}}],"collection":[{"href":"https:\/\/cdnoticias.com\/index.php\/wp-json\/wp\/v2\/posts"}],"about":[{"href":"https:\/\/cdnoticias.com\/index.php\/wp-json\/wp\/v2\/types\/post"}],"author":[{"embeddable":true,"href":"https:\/\/cdnoticias.com\/index.php\/wp-json\/wp\/v2\/users\/4"}],"replies":[{"embeddable":true,"href":"https:\/\/cdnoticias.com\/index.php\/wp-json\/wp\/v2\/comments?post=2025"}],"version-history":[{"count":0,"href":"https:\/\/cdnoticias.com\/index.php\/wp-json\/wp\/v2\/posts\/2025\/revisions"}],"wp:featuredmedia":[{"embeddable":true,"href":"https:\/\/cdnoticias.com\/index.php\/wp-json\/wp\/v2\/media\/2037"}],"wp:attachment":[{"href":"https:\/\/cdnoticias.com\/index.php\/wp-json\/wp\/v2\/media?parent=2025"}],"wp:term":[{"taxonomy":"category","embeddable":true,"href":"https:\/\/cdnoticias.com\/index.php\/wp-json\/wp\/v2\/categories?post=2025"},{"taxonomy":"post_tag","embeddable":true,"href":"https:\/\/cdnoticias.com\/index.php\/wp-json\/wp\/v2\/tags?post=2025"}],"curies":[{"name":"wp","href":"https:\/\/api.w.org\/{rel}","templated":true}]}}