{"id":202444,"date":"2026-05-05T19:32:31","date_gmt":"2026-05-05T22:32:31","guid":{"rendered":"https:\/\/cdnoticias.com\/?p=202444"},"modified":"2026-05-05T21:01:07","modified_gmt":"2026-05-06T00:01:07","slug":"miercoles-de-alertas-por-tormenta-por-olavarria-con-alerta-naranja-por-la-noche","status":"publish","type":"post","link":"https:\/\/cdnoticias.com\/index.php\/2026\/05\/05\/miercoles-de-alertas-por-tormenta-por-olavarria-con-alerta-naranja-por-la-noche\/","title":{"rendered":"Mi\u00e9rcoles de alertas por tormenta por Olavarr\u00eda, con alerta naranja por la noche"},"content":{"rendered":"\n<p>As\u00ed fue informado por el Servicio Meteorol\u00f3gico Nacional. Se prev\u00e9n lluvias durante toda la jornada, pero incrementar\u00e1n su intensidad durante el d\u00eda hasta llegar a un alerta naranja por la noche.<\/p>\n\n\n\n<hr class=\"wp-block-separator aligncenter has-alpha-channel-opacity\"\/>\n\n\n\n<p>El Servicio Meteorol\u00f3gico Nacional emiti\u00f3 un<strong> alerta por tormentas para este mi\u00e9rcoles en Olavarr\u00eda, con condiciones que ir\u00e1n intensific\u00e1ndose con el correr de las horas hasta alcanzar un nivel naranja durante la noche.<\/strong><\/p>\n\n\n\n<p>De acuerdo al parte oficial, <strong>durante la tarde (entre las 12 y las 18 horas) regir\u00e1 un alerta amarillo.<\/strong> En ese per\u00edodo, el \u00e1rea ser\u00e1 afectada por tormentas intensas, con precipitaciones acumuladas estimadas entre 30 y 60 mil\u00edmetros, que podr\u00edan ser superadas de manera localizada. Adem\u00e1s, no se descarta la ca\u00edda de granizo, actividad el\u00e9ctrica frecuente y r\u00e1fagas de viento que podr\u00edan superar los 70 km\/h.<\/p>\n\n\n\n<blockquote class=\"wp-block-quote is-layout-flow wp-block-quote-is-layout-flow\">\n<p>Hacia la noche (entre las 18 y las 24 horas), el nivel de alerta ascender\u00e1 a naranja, lo que implica la probabilidad de tormentas fuertes, algunas localmente severas. Seg\u00fan se inform\u00f3, los fen\u00f3menos estar\u00e1n acompa\u00f1ados por abundante ca\u00edda de agua en cortos per\u00edodos, descargas el\u00e9ctricas intensas, posible granizo y r\u00e1fagas que podr\u00edan superar los 90 km\/h.<\/p>\n<\/blockquote>\n\n\n\n<p>En este tramo, <strong>se prev\u00e9n acumulados de precipitaci\u00f3n entre 60 y 90 mil\u00edmetros, con la posibilidad de registros superiores en sectores puntuales.<\/strong><\/p>\n\n\n\n<p>Ante este escenario,<strong> se recomienda a la poblaci\u00f3n extremar precauciones, evitar circular durante los momentos de mayor intensidad y asegurar objetos que puedan ser desplazados por el viento.<\/strong><\/p>\n\n\n\n<p><\/p>\n","protected":false},"excerpt":{"rendered":"<p>As\u00ed fue informado por el Servicio Meteorol\u00f3gico Nacional. Se prev\u00e9n lluvias durante toda la jornada, pero incrementar\u00e1n su intensidad durante<\/p>\n","protected":false},"author":2,"featured_media":202445,"comment_status":"closed","ping_status":"closed","sticky":false,"template":"","format":"standard","meta":{"_jetpack_memberships_contains_paid_content":false,"footnotes":""},"categories":[5,1],"tags":[],"class_list":["post-202444","post","type-post","status-publish","format-standard","has-post-thumbnail","hentry","category-informacion-general","category-portada"],"jetpack_featured_media_url":"https:\/\/i0.wp.com\/cdnoticias.com\/wp-content\/uploads\/2026\/05\/WhatsApp-Image-2026-05-05-at-19.22.02.jpeg?fit=348%2C264&ssl=1","jetpack_sharing_enabled":true,"_links":{"self":[{"href":"https:\/\/cdnoticias.com\/index.php\/wp-json\/wp\/v2\/posts\/202444","targetHints":{"allow":["GET"]}}],"collection":[{"href":"https:\/\/cdnoticias.com\/index.php\/wp-json\/wp\/v2\/posts"}],"about":[{"href":"https:\/\/cdnoticias.com\/index.php\/wp-json\/wp\/v2\/types\/post"}],"author":[{"embeddable":true,"href":"https:\/\/cdnoticias.com\/index.php\/wp-json\/wp\/v2\/users\/2"}],"replies":[{"embeddable":true,"href":"https:\/\/cdnoticias.com\/index.php\/wp-json\/wp\/v2\/comments?post=202444"}],"version-history":[{"count":0,"href":"https:\/\/cdnoticias.com\/index.php\/wp-json\/wp\/v2\/posts\/202444\/revisions"}],"wp:featuredmedia":[{"embeddable":true,"href":"https:\/\/cdnoticias.com\/index.php\/wp-json\/wp\/v2\/media\/202445"}],"wp:attachment":[{"href":"https:\/\/cdnoticias.com\/index.php\/wp-json\/wp\/v2\/media?parent=202444"}],"wp:term":[{"taxonomy":"category","embeddable":true,"href":"https:\/\/cdnoticias.com\/index.php\/wp-json\/wp\/v2\/categories?post=202444"},{"taxonomy":"post_tag","embeddable":true,"href":"https:\/\/cdnoticias.com\/index.php\/wp-json\/wp\/v2\/tags?post=202444"}],"curies":[{"name":"wp","href":"https:\/\/api.w.org\/{rel}","templated":true}]}}