{"id":202400,"date":"2026-05-07T17:53:28","date_gmt":"2026-05-07T20:53:28","guid":{"rendered":"https:\/\/cdnoticias.com\/?p=202400"},"modified":"2026-05-07T17:53:30","modified_gmt":"2026-05-07T20:53:30","slug":"convocan-a-instituciones-a-participar-del-desfile-patrio-por-el-25-de-mayo","status":"publish","type":"post","link":"https:\/\/cdnoticias.com\/index.php\/2026\/05\/07\/convocan-a-instituciones-a-participar-del-desfile-patrio-por-el-25-de-mayo\/","title":{"rendered":"Convocan a instituciones a participar del desfile patrio por el 25 de Mayo"},"content":{"rendered":"\n<p>El acto se realizar\u00e1 en la Plaza Central Coronel Olavarr\u00eda desde las 10:30. La inscripci\u00f3n permanecer\u00e1 abierta hasta el 15 de mayo mediante formulario online.<\/p>\n\n\n\n<hr class=\"wp-block-separator has-alpha-channel-opacity\"\/>\n\n\n\n<p>El Municipio de Olavarr\u00eda anunci\u00f3 la <strong>convocatoria a instituciones de todo el Partido<\/strong> para participar del desfile patrio que se realizar\u00e1 el pr\u00f3ximo <strong>lunes 25 de mayo, en el marco del 216\u00b0 aniversario del Primer Gobierno Patrio.<\/strong><\/p>\n\n\n\n<p><br>La actividad <strong>se llevar\u00e1 a cabo a partir de las 10:30 horas en la Plaza Central Coronel Olavarr\u00eda<\/strong>, donde tendr\u00e1 lugar el tradicional desfile, una propuesta que busca poner en valor la unidad y la soberan\u00eda nacional.<\/p>\n\n\n\n<p><br>Desde el Municipio indicaron que aquellas instituciones interesadas en formar parte deber\u00e1n inscribirse a trav\u00e9s de un <a href=\"https:\/\/docs.google.com\/forms\/d\/e\/1FAIpQLScRmV51kP3PoC1RU0LeR6CG1ThUxnvR6ASjerFU2TTTfMxOcw\/viewform\" data-type=\"link\" data-id=\"https:\/\/docs.google.com\/forms\/d\/e\/1FAIpQLScRmV51kP3PoC1RU0LeR6CG1ThUxnvR6ASjerFU2TTTfMxOcw\/viewform\">formulario online. <\/a>El plazo <strong>para completar la inscripci\u00f3n se extiende hasta el 15 de mayo.<\/strong><\/p>\n\n\n\n<p><\/p>\n","protected":false},"excerpt":{"rendered":"<p>El acto se realizar\u00e1 en la Plaza Central Coronel Olavarr\u00eda desde las 10:30. La inscripci\u00f3n permanecer\u00e1 abierta hasta el 15<\/p>\n","protected":false},"author":5,"featured_media":172363,"comment_status":"closed","ping_status":"closed","sticky":false,"template":"","format":"standard","meta":{"_jetpack_memberships_contains_paid_content":false,"footnotes":""},"categories":[5,1],"tags":[],"class_list":["post-202400","post","type-post","status-publish","format-standard","has-post-thumbnail","hentry","category-informacion-general","category-portada"],"jetpack_featured_media_url":"https:\/\/i0.wp.com\/cdnoticias.com\/wp-content\/uploads\/2025\/05\/desfile-25-mayo21.png?fit=800%2C445&ssl=1","jetpack_sharing_enabled":true,"_links":{"self":[{"href":"https:\/\/cdnoticias.com\/index.php\/wp-json\/wp\/v2\/posts\/202400","targetHints":{"allow":["GET"]}}],"collection":[{"href":"https:\/\/cdnoticias.com\/index.php\/wp-json\/wp\/v2\/posts"}],"about":[{"href":"https:\/\/cdnoticias.com\/index.php\/wp-json\/wp\/v2\/types\/post"}],"author":[{"embeddable":true,"href":"https:\/\/cdnoticias.com\/index.php\/wp-json\/wp\/v2\/users\/5"}],"replies":[{"embeddable":true,"href":"https:\/\/cdnoticias.com\/index.php\/wp-json\/wp\/v2\/comments?post=202400"}],"version-history":[{"count":0,"href":"https:\/\/cdnoticias.com\/index.php\/wp-json\/wp\/v2\/posts\/202400\/revisions"}],"wp:featuredmedia":[{"embeddable":true,"href":"https:\/\/cdnoticias.com\/index.php\/wp-json\/wp\/v2\/media\/172363"}],"wp:attachment":[{"href":"https:\/\/cdnoticias.com\/index.php\/wp-json\/wp\/v2\/media?parent=202400"}],"wp:term":[{"taxonomy":"category","embeddable":true,"href":"https:\/\/cdnoticias.com\/index.php\/wp-json\/wp\/v2\/categories?post=202400"},{"taxonomy":"post_tag","embeddable":true,"href":"https:\/\/cdnoticias.com\/index.php\/wp-json\/wp\/v2\/tags?post=202400"}],"curies":[{"name":"wp","href":"https:\/\/api.w.org\/{rel}","templated":true}]}}