{"id":20240,"date":"2021-04-29T20:16:37","date_gmt":"2021-04-29T23:16:37","guid":{"rendered":"http:\/\/www.centraldenoticias.com.ar\/?p=20240"},"modified":"2021-04-30T09:07:15","modified_gmt":"2021-04-30T12:07:15","slug":"estamos-llegando-casi-a-los-2900-casos-activos-en-toda-la-region","status":"publish","type":"post","link":"https:\/\/cdnoticias.com\/index.php\/2021\/04\/29\/estamos-llegando-casi-a-los-2900-casos-activos-en-toda-la-region\/","title":{"rendered":"\u201cEstamos llegando casi a los 2900 casos activos en toda la regi\u00f3n\u201d"},"content":{"rendered":"<p>As\u00ed lo expres\u00f3 el director de Regi\u00f3n Sanitaria IX, Ramiro Borzi. A\u00f1adi\u00f3 que \u201chace un mes rond\u00e1bamos los 500\u201d.<!--more--><\/p>\n<hr \/>\n<p>El marcado aumento de casos de coronavirus lejos est\u00e1 de limitarse a nuestro Partido, sino que se reitera en cada uno de los distritos que conforman la denominada <strong>Regi\u00f3n Sanitaria IX, que tiene Azul como cabecera pero a un olavarriense como director, Ramiro Borzi.<\/strong><\/p>\n<p>&nbsp;<\/p>\n<p><img data-recalc-dims=\"1\" loading=\"lazy\" decoding=\"async\" class=\"alignnone size-full wp-image-20206\" src=\"https:\/\/i0.wp.com\/cdnoticias.com\/wp-content\/uploads\/2021\/04\/testeo-salud-01.jpg?resize=800%2C364&#038;ssl=1\" alt=\"\" width=\"800\" height=\"364\" srcset=\"https:\/\/i0.wp.com\/cdnoticias.com\/wp-content\/uploads\/2021\/04\/testeo-salud-01.jpg?w=800&amp;ssl=1 800w, https:\/\/i0.wp.com\/cdnoticias.com\/wp-content\/uploads\/2021\/04\/testeo-salud-01.jpg?resize=300%2C137&amp;ssl=1 300w, https:\/\/i0.wp.com\/cdnoticias.com\/wp-content\/uploads\/2021\/04\/testeo-salud-01.jpg?resize=768%2C349&amp;ssl=1 768w\" sizes=\"auto, (max-width: 800px) 100vw, 800px\" \/><\/p>\n<p>&nbsp;<\/p>\n<p><a href=\"https:\/\/cdnoticias.com\/index.php\/2021\/04\/29\/testeos-en-la-facultad-de-ciencias-de-la-salud-y-en-sierras-bayas\/\" target=\"_blank\" rel=\"noopener\">En el marco del operativo de rastreo que se realiz\u00f3 este jueves en torno a la Facultad de Ciencias de la Salud<\/a>, Borzi dialog\u00f3 con Central de Noticias sobre diversos temas y la situaci\u00f3n en cuanto al incremento de casos en la regi\u00f3n fue uno de ellos. <strong>\u201cSigue en aumento, estamos llegando casi a los 2900 casos activos en toda la regi\u00f3n, cuando hace un mes rond\u00e1bamos los 500\u201d, detall\u00f3.<\/strong><\/p>\n<p>&nbsp;<\/p>\n<p><strong>\u201cPr\u00e1cticamente se sextuplica el n\u00famero de casos, lo cual deriva obviamente en mayor ocupaci\u00f3n de camas hospitalarias y lamentablemente en un alto n\u00famero de fallecimientos. Lo vemos en la ciudad de Olavarr\u00eda particularmente, pero tambi\u00e9n en otras ciudades de la regi\u00f3n\u201d<\/strong>, expres\u00f3. Vale destacar que tambi\u00e9n forman parte de la regi\u00f3n sanitaria IX Las Flores, General Alvear, Tapalqu\u00e9, Benito Ju\u00e1rez, Laprida, La Madrid, Rauch y Bol\u00edvar.<\/p>\n<p>&nbsp;<\/p>\n<p><img data-recalc-dims=\"1\" loading=\"lazy\" decoding=\"async\" class=\"alignnone size-large wp-image-20242\" src=\"https:\/\/i0.wp.com\/cdnoticias.com\/wp-content\/uploads\/2021\/04\/bolivar-1.jpg?resize=800%2C405&#038;ssl=1\" alt=\"\" width=\"800\" height=\"405\" srcset=\"https:\/\/i0.wp.com\/cdnoticias.com\/wp-content\/uploads\/2021\/04\/bolivar-1.jpg?resize=1024%2C519&amp;ssl=1 1024w, https:\/\/i0.wp.com\/cdnoticias.com\/wp-content\/uploads\/2021\/04\/bolivar-1.jpg?resize=300%2C152&amp;ssl=1 300w, https:\/\/i0.wp.com\/cdnoticias.com\/wp-content\/uploads\/2021\/04\/bolivar-1.jpg?resize=768%2C389&amp;ssl=1 768w, https:\/\/i0.wp.com\/cdnoticias.com\/wp-content\/uploads\/2021\/04\/bolivar-1.jpg?w=1366&amp;ssl=1 1366w\" sizes=\"auto, (max-width: 800px) 100vw, 800px\" \/><\/p>\n<p>&nbsp;<\/p>\n<p>En ese sentido, vale la menci\u00f3n de este \u00faltimo distrito, que en las \u00faltimas horas sum\u00f3 una nueva muerte y <strong>es el municipio de la Regi\u00f3n Sanitaria con m\u00e1s casos activos con 982, una cifra bastante mayor inclusive a la de Olavarr\u00eda, que <a href=\"https:\/\/cdnoticias.com\/index.php\/2021\/04\/29\/murieron-otros-6-pacientes-y-olavarria-ya-cuenta-con-218-decesos-por-la-pandemia\/\" target=\"_blank\" rel=\"noopener\">de acuerdo al parte de este jueves presenta 740.<\/a><\/strong><\/p>\n<p>&nbsp;<\/p>\n<p>Bol\u00edvar registr\u00f3 en las \u00faltimas horas 57 nuevos positivos, tras la toma de 188 muestras. Sin embargo, en ese reporte se inform\u00f3 la <strong>muerte de una paciente de 84 a\u00f1os, lo que elev\u00f3 a 42 la cifra de fallecidos de toda la pademia, aunque m\u00e1s de una cuarta parte se dio en los \u00faltimos d\u00edas<\/strong>. En ese detalle se expres\u00f3 que solo cuentan con dos camas disponibles en el sector de terapia intensiva.<\/p>\n<p>&nbsp;<\/p>\n<p><img data-recalc-dims=\"1\" loading=\"lazy\" decoding=\"async\" class=\"alignnone size-large wp-image-20241\" src=\"https:\/\/i0.wp.com\/cdnoticias.com\/wp-content\/uploads\/2021\/04\/azul-1.jpg?resize=800%2C382&#038;ssl=1\" alt=\"\" width=\"800\" height=\"382\" srcset=\"https:\/\/i0.wp.com\/cdnoticias.com\/wp-content\/uploads\/2021\/04\/azul-1.jpg?resize=1024%2C489&amp;ssl=1 1024w, https:\/\/i0.wp.com\/cdnoticias.com\/wp-content\/uploads\/2021\/04\/azul-1.jpg?resize=300%2C143&amp;ssl=1 300w, https:\/\/i0.wp.com\/cdnoticias.com\/wp-content\/uploads\/2021\/04\/azul-1.jpg?resize=768%2C367&amp;ssl=1 768w, https:\/\/i0.wp.com\/cdnoticias.com\/wp-content\/uploads\/2021\/04\/azul-1.jpg?w=1260&amp;ssl=1 1260w\" sizes=\"auto, (max-width: 800px) 100vw, 800px\" \/><\/p>\n<p>&nbsp;<\/p>\n<p>Asimismo <strong>Azul<\/strong> tambi\u00e9n registr\u00f3 la muerte de un paciente, en este caso un hombre de 69 a\u00f1os que se hallaba internado en el Hospital Pintos. <strong>Ese distrito cuenta con 132 decesos y 424 casos activos.<\/strong><\/p>\n<p>&nbsp;<\/p>\n<p><strong>\u201cLa particularidad que tiene esta segunda ola en comparaci\u00f3n con la primera, es que los picos se dan casi en forma simult\u00e1nea en el conurbano y en el interior, con lo cual incluso se dificulta m\u00e1s conseguir una cama de derivaci\u00f3n\u201d<\/strong>, se\u00f1al\u00f3 Borzi.\u00a0En ese sentido enfatiz\u00f3 que \u201cpor eso insistimos en extremar los cuidados, que la comunidad tome conciencia de la coyuntura que vivimos y que entre todos podamos superar esto\u201d, concluy\u00f3.<\/p>\n","protected":false},"excerpt":{"rendered":"<p>As\u00ed lo expres\u00f3 el director de Regi\u00f3n Sanitaria IX, Ramiro Borzi. A\u00f1adi\u00f3 que \u201chace un mes rond\u00e1bamos los 500\u201d.<\/p>\n","protected":false},"author":3,"featured_media":20243,"comment_status":"closed","ping_status":"closed","sticky":false,"template":"","format":"standard","meta":{"_jetpack_memberships_contains_paid_content":false,"footnotes":""},"categories":[5,1],"tags":[],"class_list":["post-20240","post","type-post","status-publish","format-standard","has-post-thumbnail","hentry","category-informacion-general","category-portada"],"jetpack_featured_media_url":"https:\/\/i0.wp.com\/cdnoticias.com\/wp-content\/uploads\/2021\/04\/WhatsApp-Image-2021-04-29-at-13.00.02.jpeg?fit=1280%2C780&ssl=1","jetpack_sharing_enabled":true,"_links":{"self":[{"href":"https:\/\/cdnoticias.com\/index.php\/wp-json\/wp\/v2\/posts\/20240","targetHints":{"allow":["GET"]}}],"collection":[{"href":"https:\/\/cdnoticias.com\/index.php\/wp-json\/wp\/v2\/posts"}],"about":[{"href":"https:\/\/cdnoticias.com\/index.php\/wp-json\/wp\/v2\/types\/post"}],"author":[{"embeddable":true,"href":"https:\/\/cdnoticias.com\/index.php\/wp-json\/wp\/v2\/users\/3"}],"replies":[{"embeddable":true,"href":"https:\/\/cdnoticias.com\/index.php\/wp-json\/wp\/v2\/comments?post=20240"}],"version-history":[{"count":0,"href":"https:\/\/cdnoticias.com\/index.php\/wp-json\/wp\/v2\/posts\/20240\/revisions"}],"wp:featuredmedia":[{"embeddable":true,"href":"https:\/\/cdnoticias.com\/index.php\/wp-json\/wp\/v2\/media\/20243"}],"wp:attachment":[{"href":"https:\/\/cdnoticias.com\/index.php\/wp-json\/wp\/v2\/media?parent=20240"}],"wp:term":[{"taxonomy":"category","embeddable":true,"href":"https:\/\/cdnoticias.com\/index.php\/wp-json\/wp\/v2\/categories?post=20240"},{"taxonomy":"post_tag","embeddable":true,"href":"https:\/\/cdnoticias.com\/index.php\/wp-json\/wp\/v2\/tags?post=20240"}],"curies":[{"name":"wp","href":"https:\/\/api.w.org\/{rel}","templated":true}]}}