{"id":202205,"date":"2026-05-03T09:58:09","date_gmt":"2026-05-03T12:58:09","guid":{"rendered":"https:\/\/cdnoticias.com\/?p=202205"},"modified":"2026-05-03T09:58:10","modified_gmt":"2026-05-03T12:58:10","slug":"juan-pedro-hachquetalepo-q-e-p-d","status":"publish","type":"post","link":"https:\/\/cdnoticias.com\/index.php\/2026\/05\/03\/juan-pedro-hachquetalepo-q-e-p-d\/","title":{"rendered":"Juan Pedro Hachquetalepo (Q.E.P.D.)"},"content":{"rendered":"<p>Falleci\u00f3 en Capital Federal el 1 de mayo de 2026 a los 70 a\u00f1os.<\/p>\n<p>Sus hijos I\u00f1aki y Gabriel Hachquetalepo. Su hermano Mario Guillermo Hachquetalepo. Sus sobrinos Augusto y Emilia; y dem\u00e1s deudos participan su fallecimiento.<\/p>\n<p>Sus restos ser\u00e1n cremados en el Crematorio Pinos de Paz en d\u00eda y horario a confirmar, previo responso en la Capilla Ardiente. Servicio adherido a Coopelectric.<\/p>\n<p>Nacido en Olavarr\u00eda, vecino de barrio Microcentro, productor agropecuario.<\/p>\n","protected":false},"excerpt":{"rendered":"<p>Falleci\u00f3 en Capital Federal el 1 de mayo de 2026 a los 70 a\u00f1os. Sus hijos I\u00f1aki y Gabriel Hachquetalepo.<\/p>\n","protected":false},"author":4,"featured_media":67646,"comment_status":"closed","ping_status":"closed","sticky":false,"template":"","format":"standard","meta":{"_jetpack_memberships_contains_paid_content":false,"footnotes":""},"categories":[10],"tags":[],"class_list":["post-202205","post","type-post","status-publish","format-standard","has-post-thumbnail","hentry","category-necrologicas"],"jetpack_featured_media_url":"https:\/\/i0.wp.com\/cdnoticias.com\/wp-content\/uploads\/2022\/10\/necrologicas-390-x-240.jpg?fit=390%2C240&ssl=1","jetpack_sharing_enabled":true,"_links":{"self":[{"href":"https:\/\/cdnoticias.com\/index.php\/wp-json\/wp\/v2\/posts\/202205","targetHints":{"allow":["GET"]}}],"collection":[{"href":"https:\/\/cdnoticias.com\/index.php\/wp-json\/wp\/v2\/posts"}],"about":[{"href":"https:\/\/cdnoticias.com\/index.php\/wp-json\/wp\/v2\/types\/post"}],"author":[{"embeddable":true,"href":"https:\/\/cdnoticias.com\/index.php\/wp-json\/wp\/v2\/users\/4"}],"replies":[{"embeddable":true,"href":"https:\/\/cdnoticias.com\/index.php\/wp-json\/wp\/v2\/comments?post=202205"}],"version-history":[{"count":1,"href":"https:\/\/cdnoticias.com\/index.php\/wp-json\/wp\/v2\/posts\/202205\/revisions"}],"predecessor-version":[{"id":202206,"href":"https:\/\/cdnoticias.com\/index.php\/wp-json\/wp\/v2\/posts\/202205\/revisions\/202206"}],"wp:featuredmedia":[{"embeddable":true,"href":"https:\/\/cdnoticias.com\/index.php\/wp-json\/wp\/v2\/media\/67646"}],"wp:attachment":[{"href":"https:\/\/cdnoticias.com\/index.php\/wp-json\/wp\/v2\/media?parent=202205"}],"wp:term":[{"taxonomy":"category","embeddable":true,"href":"https:\/\/cdnoticias.com\/index.php\/wp-json\/wp\/v2\/categories?post=202205"},{"taxonomy":"post_tag","embeddable":true,"href":"https:\/\/cdnoticias.com\/index.php\/wp-json\/wp\/v2\/tags?post=202205"}],"curies":[{"name":"wp","href":"https:\/\/api.w.org\/{rel}","templated":true}]}}