{"id":202201,"date":"2026-05-03T09:55:09","date_gmt":"2026-05-03T12:55:09","guid":{"rendered":"https:\/\/cdnoticias.com\/?p=202201"},"modified":"2026-05-03T09:55:10","modified_gmt":"2026-05-03T12:55:10","slug":"este-lunes-iniciaran-trabajos-de-poda-en-la-plaza-coronel-olavarria","status":"publish","type":"post","link":"https:\/\/cdnoticias.com\/index.php\/2026\/05\/03\/este-lunes-iniciaran-trabajos-de-poda-en-la-plaza-coronel-olavarria\/","title":{"rendered":"Este lunes iniciar\u00e1n trabajos de poda en la Plaza Coronel Olavarr\u00eda"},"content":{"rendered":"<p>Se realizar\u00e1n en mayor medida de trabajos en altura. Se ver\u00e1 reducida la circulaci\u00f3n tanto peatonal como vehicular: no se podr\u00e1 estacionar sobre la plaza.<\/p>\n\n\n<hr class=\"wp-block-separator has-alpha-channel-opacity\"\/>\n\n\n\n<!--more-->\n\n\n\n<p>El Municipio de Olavarr\u00eda inform\u00f3 que <strong>este lunes se iniciar\u00e1 con tareas de poda en la plaza central Coronel Olavarr\u00eda<\/strong> y los denominados <strong>Veredones<\/strong> ubicados las calles <strong>Rivadavia y Vicente L\u00f3pez.<\/strong><\/p>\n\n\n\n<p><\/p>\n\n\n\n<p>\u201cLos trabajos ser\u00e1n llevados a cabo desde la<strong> Secretar\u00eda de Obras, Infraestructura y Servicios P\u00fablicos<\/strong>, en un dispositivo diagramado en conjunto con las <strong>\u00e1reas de Parques y Paseos y Desarrollo Agropecuario<\/strong>\u201d se indic\u00f3.<\/p>\n\n\n\n<p><\/p>\n\n\n\n<blockquote class=\"wp-block-quote is-layout-flow wp-block-quote-is-layout-flow\">\n<p>Las tareas se iniciar\u00e1n a primera hora de la ma\u00f1ana, por lo que desde las 6 horas personal de la Secretar\u00eda de Protecci\u00f3n Ciudadana implementar\u00e1 adem\u00e1s un operativo preventivo vial. Se aclar\u00f3 que estar\u00e1 impedido que veh\u00edculos se estacionen sobre la mano en la que se har\u00e1 la poda.<\/p>\n<\/blockquote>\n\n\n\n<p><\/p>\n\n\n\n<p>\u201cConsistir\u00e1 en mayor medida de <strong>trabajos en altura<\/strong>, por lo que se ver\u00e1 <strong>reducida la circulaci\u00f3n tanto peatonal como vehicular por el secto<\/strong>r, por lo que se apela a la <strong>colaboraci\u00f3n y responsabilidad para permitir el normal y seguro desarrollo de los trabajos<\/strong>. Se contar\u00e1 con<strong> gr\u00faas hidr\u00e1ulicas<\/strong> y tambi\u00e9n con <strong>camiones<\/strong> para llevar a cabo el traslado de materiales\u201d se detall\u00f3.<\/p>\n\n\n\n<p><\/p>\n\n\n\n<p>Se tratar\u00e1 de un <strong>abordaje intensivo <\/strong>que tendr\u00e1 por principal objetivo dar una <strong>respuesta en materia de higiene y salubrida<\/strong>d de uno de los espacios p\u00fablicos m\u00e1s predilectos de la comunidad local, que adem\u00e1s alberga numerosas propuestas y actividades. Se explic\u00f3 que con estos trabajos<em> \u201cse buscar\u00e1 controlar la poblaci\u00f3n y presencia de aves, que utilizan el follaje de los \u00e1rboles como sitio de abrigo\u201d<\/em>.<\/p>\n\n\n\n<p><\/p>\n\n\n\n<p>Vale destacar, a la par, que las tareas se realizar\u00e1n con las <strong>pr\u00e1cticas adecuadas para preservar y cuidar las especies arb\u00f3reas<\/strong>.<\/p>\n\n\n\n<p><\/p>\n","protected":false},"excerpt":{"rendered":"<p>Se realizar\u00e1n en mayor medida de trabajos en altura. Se ver\u00e1 reducida la circulaci\u00f3n tanto peatonal como vehicular: no se<\/p>\n","protected":false},"author":4,"featured_media":116045,"comment_status":"closed","ping_status":"closed","sticky":false,"template":"","format":"standard","meta":{"_jetpack_memberships_contains_paid_content":false,"footnotes":""},"categories":[5,7],"tags":[],"class_list":["post-202201","post","type-post","status-publish","format-standard","has-post-thumbnail","hentry","category-informacion-general","category-central"],"jetpack_featured_media_url":"https:\/\/i0.wp.com\/cdnoticias.com\/wp-content\/uploads\/2024\/05\/poda-centro-scaled-1.jpg?fit=2560%2C1424&ssl=1","jetpack_sharing_enabled":true,"_links":{"self":[{"href":"https:\/\/cdnoticias.com\/index.php\/wp-json\/wp\/v2\/posts\/202201","targetHints":{"allow":["GET"]}}],"collection":[{"href":"https:\/\/cdnoticias.com\/index.php\/wp-json\/wp\/v2\/posts"}],"about":[{"href":"https:\/\/cdnoticias.com\/index.php\/wp-json\/wp\/v2\/types\/post"}],"author":[{"embeddable":true,"href":"https:\/\/cdnoticias.com\/index.php\/wp-json\/wp\/v2\/users\/4"}],"replies":[{"embeddable":true,"href":"https:\/\/cdnoticias.com\/index.php\/wp-json\/wp\/v2\/comments?post=202201"}],"version-history":[{"count":2,"href":"https:\/\/cdnoticias.com\/index.php\/wp-json\/wp\/v2\/posts\/202201\/revisions"}],"predecessor-version":[{"id":202203,"href":"https:\/\/cdnoticias.com\/index.php\/wp-json\/wp\/v2\/posts\/202201\/revisions\/202203"}],"wp:featuredmedia":[{"embeddable":true,"href":"https:\/\/cdnoticias.com\/index.php\/wp-json\/wp\/v2\/media\/116045"}],"wp:attachment":[{"href":"https:\/\/cdnoticias.com\/index.php\/wp-json\/wp\/v2\/media?parent=202201"}],"wp:term":[{"taxonomy":"category","embeddable":true,"href":"https:\/\/cdnoticias.com\/index.php\/wp-json\/wp\/v2\/categories?post=202201"},{"taxonomy":"post_tag","embeddable":true,"href":"https:\/\/cdnoticias.com\/index.php\/wp-json\/wp\/v2\/tags?post=202201"}],"curies":[{"name":"wp","href":"https:\/\/api.w.org\/{rel}","templated":true}]}}