{"id":202168,"date":"2026-05-03T10:03:01","date_gmt":"2026-05-03T13:03:01","guid":{"rendered":"https:\/\/cdnoticias.com\/?p=202168"},"modified":"2026-05-03T10:03:02","modified_gmt":"2026-05-03T13:03:02","slug":"el-gobierno-reabre-la-sala-de-periodistas-de-casa-rosada-y-habra-mas-controles","status":"publish","type":"post","link":"https:\/\/cdnoticias.com\/index.php\/2026\/05\/03\/el-gobierno-reabre-la-sala-de-periodistas-de-casa-rosada-y-habra-mas-controles\/","title":{"rendered":"El Gobierno reabre la sala de periodistas de Casa Rosada y habr\u00e1 &#8220;m\u00e1s controles&#8221;"},"content":{"rendered":"\n<p>La decisi\u00f3n fue tomada tras un encuentro del jefe de Gabinete, Manuel Adorni, con Karina Milei.<\/p>\n\n\n\n<hr class=\"wp-block-separator aligncenter has-alpha-channel-opacity\"\/>\n\n\n\n<p>El Gobierno confirm\u00f3 que la <strong>semana pr\u00f3xima reabrir\u00e1 la sala de periodistas de la Casa Rosada luego de una semana en la que estuvo cerrada<\/strong>.\u00a0La decisi\u00f3n habr\u00eda sido definida entre el Jefe de Gabinete, <strong>Manuel Adorni,<\/strong> y la Secretaria General de la Presidencia, <strong>Karina Milei.<\/strong><\/p>\n\n\n\n<p><\/p>\n\n\n\n<blockquote class=\"wp-block-quote is-layout-flow wp-block-quote-is-layout-flow\">\n<p>La sala se abrir\u00e1 tras la denuncia que la Casa Militar present\u00f3 por el informe del canal TN, que habr\u00edan sido tomadas con unos anteojos inteligentes y, supuestamente, sin previo aviso.\u00a0Precisamente, en referencia a la filmaci\u00f3n de TN, desde el Gobierno destacaron como irregularidad el uso de ese dispositivo de filmaci\u00f3n. \u201cEso nunca se hab\u00eda hecho y esa es la violaci\u00f3n\u201d, alegaron.<\/p>\n<\/blockquote>\n\n\n\n<p><\/p>\n\n\n\n<p>En tanto, seg\u00fan trascendi\u00f3, mientras estuvo bloqueado el acceso a periodistas hubo una <strong>\u201crevisi\u00f3n de sistemas de vigilancia, equipos de control y dispositivos de comunicaci\u00f3n, entre otros\u201d.<\/strong><\/p>\n\n\n\n<p><\/p>\n\n\n\n<p>Seg\u00fan expres\u00f3 La Naci\u00f3n, <strong>no hubo sanciones contra los responsables de la seguridad en la Casa Rosada, <\/strong>pero s\u00ed se decidi\u00f3 <strong>endurecer controles y se sumar\u00edan restricciones dentro del edificio.<\/strong><\/p>\n\n\n\n<p><\/p>\n\n\n\n<p><strong>Adorni, otra vez vocero<\/strong><\/p>\n\n\n\n<p>En tanto, seg\u00fan trascendi\u00f3<strong>, Adorni volver\u00e1 a dar conferencias de prensa<\/strong>. En el Gobierno informaron que esa decisi\u00f3n la tom\u00f3 \u00e9l luego de su presentaci\u00f3n ante el Congreso para dar su primer informe de gesti\u00f3n como Jefe de Gabinete, a casi seis meses de haber asumido en el cargo en reemplazo de Guillermo Francos.<\/p>\n\n\n\n<p><\/p>\n\n\n\n<p>La <strong>\u00faltima conferencia de Adorni hab\u00eda sido el pasado 25 de marzo<\/strong>, poco despu\u00e9s de que se conocieran las<strong> primeras revelaciones sobre sus viajes y los nuevos bienes que componen su patrimonio.<\/strong><\/p>\n\n\n\n<p><\/p>\n\n\n\n<p><em>Fuente: Agencia DIB<\/em><\/p>\n","protected":false},"excerpt":{"rendered":"<p>La decisi\u00f3n fue tomada tras un encuentro del jefe de Gabinete, Manuel Adorni, con Karina Milei. El Gobierno confirm\u00f3 que<\/p>\n","protected":false},"author":6,"featured_media":129494,"comment_status":"closed","ping_status":"closed","sticky":false,"template":"","format":"standard","meta":{"_jetpack_memberships_contains_paid_content":false,"footnotes":""},"categories":[6,1],"tags":[],"class_list":["post-202168","post","type-post","status-publish","format-standard","has-post-thumbnail","hentry","category-nacionales","category-portada"],"jetpack_featured_media_url":"https:\/\/i0.wp.com\/cdnoticias.com\/wp-content\/uploads\/2024\/11\/casa-rosada.jpg?fit=696%2C416&ssl=1","jetpack_sharing_enabled":true,"_links":{"self":[{"href":"https:\/\/cdnoticias.com\/index.php\/wp-json\/wp\/v2\/posts\/202168","targetHints":{"allow":["GET"]}}],"collection":[{"href":"https:\/\/cdnoticias.com\/index.php\/wp-json\/wp\/v2\/posts"}],"about":[{"href":"https:\/\/cdnoticias.com\/index.php\/wp-json\/wp\/v2\/types\/post"}],"author":[{"embeddable":true,"href":"https:\/\/cdnoticias.com\/index.php\/wp-json\/wp\/v2\/users\/6"}],"replies":[{"embeddable":true,"href":"https:\/\/cdnoticias.com\/index.php\/wp-json\/wp\/v2\/comments?post=202168"}],"version-history":[{"count":1,"href":"https:\/\/cdnoticias.com\/index.php\/wp-json\/wp\/v2\/posts\/202168\/revisions"}],"predecessor-version":[{"id":202207,"href":"https:\/\/cdnoticias.com\/index.php\/wp-json\/wp\/v2\/posts\/202168\/revisions\/202207"}],"wp:featuredmedia":[{"embeddable":true,"href":"https:\/\/cdnoticias.com\/index.php\/wp-json\/wp\/v2\/media\/129494"}],"wp:attachment":[{"href":"https:\/\/cdnoticias.com\/index.php\/wp-json\/wp\/v2\/media?parent=202168"}],"wp:term":[{"taxonomy":"category","embeddable":true,"href":"https:\/\/cdnoticias.com\/index.php\/wp-json\/wp\/v2\/categories?post=202168"},{"taxonomy":"post_tag","embeddable":true,"href":"https:\/\/cdnoticias.com\/index.php\/wp-json\/wp\/v2\/tags?post=202168"}],"curies":[{"name":"wp","href":"https:\/\/api.w.org\/{rel}","templated":true}]}}