{"id":202116,"date":"2026-05-01T12:58:52","date_gmt":"2026-05-01T15:58:52","guid":{"rendered":"https:\/\/cdnoticias.com\/?p=202116"},"modified":"2026-05-01T12:58:54","modified_gmt":"2026-05-01T15:58:54","slug":"patricia-bahl-cientos-de-familias-olavarrienses-necesitan-de-la-economia-social-como-unico-ingreso","status":"publish","type":"post","link":"https:\/\/cdnoticias.com\/index.php\/2026\/05\/01\/patricia-bahl-cientos-de-familias-olavarrienses-necesitan-de-la-economia-social-como-unico-ingreso\/","title":{"rendered":"Patricia Bahl: \u201cCientos de familias olavarrienses necesitan de la econom\u00eda social como \u00fanico ingreso\u201d"},"content":{"rendered":"<p>En el D\u00eda del Trabajador, la referente de La Minga advirti\u00f3 sobre el impacto de la crisis econ\u00f3mica en los hogares. \u201cEn el 70% de los hogares olavarrienses hay una experiencia emprendedora\u201d subray\u00f3. La urgencia por vender, la reventa, el regreso del trueque a los barrios locales.<\/p>\n\n\n<p><\/p>\n\n\n\n<p><strong>Patricia Bahl es referente de La Minga<\/strong>, una agrupaci\u00f3n que desde hace 17 a\u00f1os trabaja en el \u00e1mbito de la <strong>econom\u00eda social<\/strong> en Olavarr\u00eda. <strong>Central de Noticias <\/strong>la entrevist\u00f3 en el marco del <strong>D\u00eda de las y los Trabajadores <\/strong>y destac\u00f3 los <strong>cambios que en los \u00faltimos meses <\/strong>registra el sector al que defini\u00f3 como <strong>\u201cun claro refugio ante la situaci\u00f3n\u201d.<\/strong><\/p>\n\n\n\n<p><\/p>\n\n\n\n<p>As\u00ed se refiri\u00f3 a la <strong>profundizaci\u00f3n de la crisis social <\/strong>de la mano de la crisis econ\u00f3mica, que deja a cada vez<strong> m\u00e1s olavarrienses con urgencia <\/strong>de dinero. <strong>\u201cCientos de familias olavarrienses necesitan de la econom\u00eda social como \u00fanico ingreso\u201d<\/strong> afirm\u00f3 en el ese sentido.<\/p>\n\n\n\n<p><\/p>\n\n\n\n<blockquote class=\"wp-block-quote is-layout-flow wp-block-quote-is-layout-flow\">\n<p>El dato tiene precisi\u00f3n: \u201cen el 70% de los hogares olavarrienses hay una experiencia emprendedora. Lo que significa que en 36.327 hogares de Olavarr\u00eda hoy hay un emprendedor o una emprendedora\u201d dijo. Estim\u00f3 que para la mitad de esos hogares, ese emprendimiento es el \u00fanico ingreso, algo que no suced\u00eda hasta principios de este a\u00f1o.<\/p>\n<\/blockquote>\n\n\n\n<p><\/p>\n\n\n\n<p>El lugar de la<strong> feria <\/strong>en los conceptos vinculados a trabajo, la<strong> urgencia por vender<\/strong>, <strong>\u201cfin de mes\u201d<\/strong>, el regreso del<strong> trueque <\/strong>a los barrios de Olavarr\u00eda, los que llegan <strong>\u201cempujados\u201d por el contexto<\/strong>, la reventa y el <strong>\u201ccomercio popular\u201d <\/strong>son algunos de los temas que analiz\u00f3 como novedades en las din\u00e1micas de consumo y comercializaci\u00f3n..<\/p>\n\n\n\n<p><\/p>\n\n\n\n<p>Adem\u00e1s, Patricia Bahl subray\u00f3 la<strong> ausencia de una pol\u00edtica nacional <\/strong>para el sector: <strong>\u201cdesde el Estado Nacional, es imposible que piensen en un concepto de econom\u00eda social porque es abismal la diferencia\u201d.<\/strong><\/p>\n\n\n\n<p><\/p>\n\n\n\n<figure class=\"wp-block-embed is-type-rich is-provider-instagram wp-block-embed-instagram\"><div class=\"wp-block-embed__wrapper\">\n<blockquote class=\"instagram-media\" data-instgrm-captioned data-instgrm-permalink=\"https:\/\/www.instagram.com\/reel\/DXzTPj1oSNe\/?utm_source=ig_embed&amp;utm_campaign=loading\" data-instgrm-version=\"14\" style=\" background:#FFF; border:0; border-radius:3px; box-shadow:0 0 1px 0 rgba(0,0,0,0.5),0 1px 10px 0 rgba(0,0,0,0.15); margin: 1px; max-width:658px; min-width:326px; padding:0; width:99.375%; width:-webkit-calc(100% - 2px); width:calc(100% - 2px);\"><div style=\"padding:16px;\"> <a href=\"https:\/\/www.instagram.com\/reel\/DXzTPj1oSNe\/?utm_source=ig_embed&amp;utm_campaign=loading\" style=\" background:#FFFFFF; line-height:0; padding:0 0; text-align:center; text-decoration:none; width:100%;\" target=\"_blank\"> <div style=\" display: flex; flex-direction: row; align-items: center;\"> <div style=\"background-color: #F4F4F4; border-radius: 50%; flex-grow: 0; height: 40px; margin-right: 14px; width: 40px;\"><\/div> <div style=\"display: flex; flex-direction: column; flex-grow: 1; justify-content: center;\"> <div style=\" background-color: #F4F4F4; border-radius: 4px; flex-grow: 0; height: 14px; margin-bottom: 6px; width: 100px;\"><\/div> <div style=\" background-color: #F4F4F4; border-radius: 4px; flex-grow: 0; height: 14px; width: 60px;\"><\/div><\/div><\/div><div style=\"padding: 19% 0;\"><\/div> <div style=\"display:block; height:50px; margin:0 auto 12px; width:50px;\"><svg width=\"50px\" height=\"50px\" viewBox=\"0 0 60 60\" version=\"1.1\" xmlns=\"https:\/\/www.w3.org\/2000\/svg\" xmlns:xlink=\"https:\/\/www.w3.org\/1999\/xlink\"><g stroke=\"none\" stroke-width=\"1\" fill=\"none\" fill-rule=\"evenodd\"><g transform=\"translate(-511.000000, -20.000000)\" fill=\"#000000\"><g><path d=\"M556.869,30.41 C554.814,30.41 553.148,32.076 553.148,34.131 C553.148,36.186 554.814,37.852 556.869,37.852 C558.924,37.852 560.59,36.186 560.59,34.131 C560.59,32.076 558.924,30.41 556.869,30.41 M541,60.657 C535.114,60.657 530.342,55.887 530.342,50 C530.342,44.114 535.114,39.342 541,39.342 C546.887,39.342 551.658,44.114 551.658,50 C551.658,55.887 546.887,60.657 541,60.657 M541,33.886 C532.1,33.886 524.886,41.1 524.886,50 C524.886,58.899 532.1,66.113 541,66.113 C549.9,66.113 557.115,58.899 557.115,50 C557.115,41.1 549.9,33.886 541,33.886 M565.378,62.101 C565.244,65.022 564.756,66.606 564.346,67.663 C563.803,69.06 563.154,70.057 562.106,71.106 C561.058,72.155 560.06,72.803 558.662,73.347 C557.607,73.757 556.021,74.244 553.102,74.378 C549.944,74.521 548.997,74.552 541,74.552 C533.003,74.552 532.056,74.521 528.898,74.378 C525.979,74.244 524.393,73.757 523.338,73.347 C521.94,72.803 520.942,72.155 519.894,71.106 C518.846,70.057 518.197,69.06 517.654,67.663 C517.244,66.606 516.755,65.022 516.623,62.101 C516.479,58.943 516.448,57.996 516.448,50 C516.448,42.003 516.479,41.056 516.623,37.899 C516.755,34.978 517.244,33.391 517.654,32.338 C518.197,30.938 518.846,29.942 519.894,28.894 C520.942,27.846 521.94,27.196 523.338,26.654 C524.393,26.244 525.979,25.756 528.898,25.623 C532.057,25.479 533.004,25.448 541,25.448 C548.997,25.448 549.943,25.479 553.102,25.623 C556.021,25.756 557.607,26.244 558.662,26.654 C560.06,27.196 561.058,27.846 562.106,28.894 C563.154,29.942 563.803,30.938 564.346,32.338 C564.756,33.391 565.244,34.978 565.378,37.899 C565.522,41.056 565.552,42.003 565.552,50 C565.552,57.996 565.522,58.943 565.378,62.101 M570.82,37.631 C570.674,34.438 570.167,32.258 569.425,30.349 C568.659,28.377 567.633,26.702 565.965,25.035 C564.297,23.368 562.623,22.342 560.652,21.575 C558.743,20.834 556.562,20.326 553.369,20.18 C550.169,20.033 549.148,20 541,20 C532.853,20 531.831,20.033 528.631,20.18 C525.438,20.326 523.257,20.834 521.349,21.575 C519.376,22.342 517.703,23.368 516.035,25.035 C514.368,26.702 513.342,28.377 512.574,30.349 C511.834,32.258 511.326,34.438 511.181,37.631 C511.035,40.831 511,41.851 511,50 C511,58.147 511.035,59.17 511.181,62.369 C511.326,65.562 511.834,67.743 512.574,69.651 C513.342,71.625 514.368,73.296 516.035,74.965 C517.703,76.634 519.376,77.658 521.349,78.425 C523.257,79.167 525.438,79.673 528.631,79.82 C531.831,79.965 532.853,80.001 541,80.001 C549.148,80.001 550.169,79.965 553.369,79.82 C556.562,79.673 558.743,79.167 560.652,78.425 C562.623,77.658 564.297,76.634 565.965,74.965 C567.633,73.296 568.659,71.625 569.425,69.651 C570.167,67.743 570.674,65.562 570.82,62.369 C570.966,59.17 571,58.147 571,50 C571,41.851 570.966,40.831 570.82,37.631\"><\/path><\/g><\/g><\/g><\/svg><\/div><div style=\"padding-top: 8px;\"> <div style=\" color:#3897f0; font-family:Arial,sans-serif; font-size:14px; font-style:normal; font-weight:550; line-height:18px;\">View this post on Instagram<\/div><\/div><div style=\"padding: 12.5% 0;\"><\/div> <div style=\"display: flex; flex-direction: row; margin-bottom: 14px; align-items: center;\"><div> <div style=\"background-color: #F4F4F4; border-radius: 50%; height: 12.5px; width: 12.5px; transform: translateX(0px) translateY(7px);\"><\/div> <div style=\"background-color: #F4F4F4; height: 12.5px; transform: rotate(-45deg) translateX(3px) translateY(1px); width: 12.5px; flex-grow: 0; margin-right: 14px; margin-left: 2px;\"><\/div> <div style=\"background-color: #F4F4F4; border-radius: 50%; height: 12.5px; width: 12.5px; transform: translateX(9px) translateY(-18px);\"><\/div><\/div><div style=\"margin-left: 8px;\"> <div style=\" background-color: #F4F4F4; border-radius: 50%; flex-grow: 0; height: 20px; width: 20px;\"><\/div> <div style=\" width: 0; height: 0; border-top: 2px solid transparent; border-left: 6px solid #f4f4f4; border-bottom: 2px solid transparent; transform: translateX(16px) translateY(-4px) rotate(30deg)\"><\/div><\/div><div style=\"margin-left: auto;\"> <div style=\" width: 0px; border-top: 8px solid #F4F4F4; border-right: 8px solid transparent; transform: translateY(16px);\"><\/div> <div style=\" background-color: #F4F4F4; flex-grow: 0; height: 12px; width: 16px; transform: translateY(-4px);\"><\/div> <div style=\" width: 0; height: 0; border-top: 8px solid #F4F4F4; border-left: 8px solid transparent; transform: translateY(-4px) translateX(8px);\"><\/div><\/div><\/div> <div style=\"display: flex; flex-direction: column; flex-grow: 1; justify-content: center; margin-bottom: 24px;\"> <div style=\" background-color: #F4F4F4; border-radius: 4px; flex-grow: 0; height: 14px; margin-bottom: 6px; width: 224px;\"><\/div> <div style=\" background-color: #F4F4F4; border-radius: 4px; flex-grow: 0; height: 14px; width: 144px;\"><\/div><\/div><\/a><\/div><\/blockquote><script async src=\"\/\/platform.instagram.com\/en_US\/embeds.js\"><\/script>\n<\/div><\/figure>\n\n\n\n<p><\/p>\n\n\n\n<h2 class=\"wp-block-heading\">Novedades en la Econom\u00eda Social: m\u00e1s urgencia<\/h2>\n\n\n\n<p><\/p>\n\n\n\n<p><em>-Ven\u00eds hace un mont\u00f3n de tiempo trabajando en el tema de econom\u00eda social. \u00bfQu\u00e9 notas te est\u00e1 pasando actualmente en ese sector?<\/em><\/p>\n\n\n\n<p><\/p>\n\n\n\n<p>&#8211;<strong>La econom\u00eda social hoy est\u00e1 en un estado de emergencia y a la vez de alternativa.<\/strong> Hoy la econom\u00eda social se ha construido como <strong>una alternativa genuina en varios cientos de hogares olavarrienses<\/strong>, que ven en la econom\u00eda social<strong> una salida<\/strong>. Cuando digo alternativa es porque <strong>ya dej\u00f3 de ser el ingreso extra que se buscaba hace un par de meses<\/strong>, sino que hoy, lamentablemente, <strong>cientos de familias olavarrienses necesitan de la econom\u00eda social como \u00fanico ingreso<\/strong>. Por lo tanto, vos f\u00edjate tambi\u00e9n c\u00f3mo ha cambiado el concepto y c\u00f3mo se ha construido un nuevo concepto de econom\u00eda social. Cuando hablamos de econom\u00eda social, hablamos de<strong> lazos solidarios, de empat\u00eda, de trabajo comunitario, de trabajo colaborativo, mancomunado<\/strong>. Esos lazos que se construyen se siguen sosteniendo y en la actualidad se sostienen tambi\u00e9n m\u00e1s apresuradamente, porque <strong>llegan a la econom\u00eda social no todos por elecci\u00f3n, sino por una clara necesidad<\/strong>. Estamos justamente atravesando ese proceso.<\/p>\n\n\n\n<p><\/p>\n\n\n\n<p><em>-Dijiste \u201chace un par de meses\u201d, \u00bfqu\u00e9 cambi\u00f3 en estos meses?<\/em><\/p>\n\n\n\n<p><\/p>\n\n\n\n<p>-Nosotros lo que observamos despu\u00e9s de trabajar tantos a\u00f1os dentro de nuestra organizaci\u00f3n social y desde el territorio, desde las barriadas, p<strong>udimos ser testigos de este poner en marcha tu emprendimiento, tu idea de trabajo, desde el saber hacer<\/strong>, desde lo genuino que uno trae. Esa idea la materializa en un proyecto de trabajo, con tiempo, con organizaci\u00f3n, con capacitaci\u00f3n, con acompa\u00f1amiento que es nuestra premisa. Bueno, <strong>eso pas\u00f3 ahora al poder vender<\/strong>, porque en realidad esta grave situaci\u00f3n social, esta crisis econ\u00f3mica y por lo tanto crisis social, hace que tengan la <strong>necesidad imperiosa de vender<\/strong>. <\/p>\n\n\n\n<p><\/p>\n\n\n\n<blockquote class=\"wp-block-quote is-layout-flow wp-block-quote-is-layout-flow\">\n<p>Hoy la feria es el trabajo. Pasamos de expresarnos \u201cvamos a feriar\u201d a \u201cvamos a trabajar\u201d. La feria es el espacio de trabajo y no pasaba. Hoy por hoy la feria virtual es el espacio de trabajo. Hay olavarrienses, vecinas y vecinos, que se dedican exclusivamente a la feria virtual o exclusivamente a los sorteos diarios, que todos somos part\u00edcipes y que compramos y acompa\u00f1amos. Es decir, estos nuevos conceptos que surgen desde la econom\u00eda social, que hay que escribirlos y hay que adue\u00f1arse para la respuesta.<\/p>\n<\/blockquote>\n\n\n\n<p><\/p>\n\n\n\n<p><em>-\u00bfC\u00f3mo se pasa al \u201cpoder vender\u201d?<\/em><\/p>\n\n\n\n<p><\/p>\n\n\n\n<p>-En esta necesidad de poder vender <strong>no dejan de lado su saber hacer<\/strong>, porque el emprendedor tiene caracter\u00edsticas distintivas. Nosotros siempre decimos que <strong>el emprendedor se va formando. No nacemos emprendedores<\/strong>, nos vamos formando por much\u00edsimas situaciones que se pasaron en la vida. <strong>Pero hoy se suma la grave crisis <\/strong>que estamos atravesando. Entonces, nosotros debat\u00edamos,<strong> no estamos en el plano informal <\/strong>porque en realidad hay una deuda del Estado, una soluci\u00f3n tributaria para que la econom\u00eda social -el trabajador y trabajadora de la econom\u00eda social- tengan respaldo, como fue en su momento el monotributo social, que hoy no lo es. <strong>Hoy el monotributo social y querer formalizar un emprendimiento, querer formalizar una idea de trabajo es un costo<\/strong>. Y es un alto costo para la familia olavarriense. Entonces, lo que nos ha pasado es esta cuesti\u00f3n de formalizar, no estamos tan activos en ese plano. Estamos m\u00e1s activos -como estrategia nuestra- en acompa\u00f1arlos desde este lugar de organizaci\u00f3n comunitaria, porque la econom\u00eda social es esto. Nosotros al construir econom\u00eda social, construimos comunidad.<\/p>\n\n\n\n<p><\/p>\n\n\n\n<p><em>-Hablaste de la urgencia de la venta y en un texto tuyo mencionaste el surgimiento de la reventa como salida. \u00bfQu\u00e9 es lo que est\u00e1n notando?<\/em><\/p>\n\n\n\n<p><\/p>\n\n\n\n<p>-El tema de<strong> reventa es claramente el comercio popular.<\/strong> Tenemos que hacer el esfuerzo de construir conceptos y que se instalen, porque <strong>siempre el concepto de reventa para el emprendedor, para el manualista, ha sido despectivo<\/strong>. Lo hemos visto en la historia, aquellos artesanos que tiran el pa\u00f1o en el suelo y los sacan de los lugares p\u00fablicos, tienen much\u00edsimas cuestiones legales. El comercio popular s\u00ed es la reventa, pero <strong>el comercio popular es una nueva forma de trabajo<\/strong>. Es el surgir estos conceptos y estas realidades del territorio que <strong>se ven como alternativa a la feria, al comercio popular, al trueque. Hay barrios que ya est\u00e1n haciendo trueque<\/strong>, cambian productos. Ese intercambio solidario, ese intercambio de red, porque hay una red construida, es una forma de hacer trueque. Todo esto es una alternativa de refugio. <\/p>\n\n\n\n<p><\/p>\n\n\n\n<blockquote class=\"wp-block-quote is-layout-flow wp-block-quote-is-layout-flow\">\n<p>Han construido y hemos construido todos esta nueva realidad de la econom\u00eda social como un claro refugio ante la situaci\u00f3n actual.<\/p>\n<\/blockquote>\n\n\n\n<p><\/p>\n\n\n\n<figure class=\"wp-block-image size-full\"><img data-recalc-dims=\"1\" loading=\"lazy\" decoding=\"async\" width=\"800\" height=\"445\" src=\"https:\/\/i0.wp.com\/cdnoticias.com\/wp-content\/uploads\/2026\/04\/patricia-bahl-02.png?resize=800%2C445&#038;ssl=1\" alt=\"\" class=\"wp-image-202009\" srcset=\"https:\/\/i0.wp.com\/cdnoticias.com\/wp-content\/uploads\/2026\/04\/patricia-bahl-02.png?w=800&amp;ssl=1 800w, https:\/\/i0.wp.com\/cdnoticias.com\/wp-content\/uploads\/2026\/04\/patricia-bahl-02.png?resize=300%2C167&amp;ssl=1 300w, https:\/\/i0.wp.com\/cdnoticias.com\/wp-content\/uploads\/2026\/04\/patricia-bahl-02.png?resize=768%2C427&amp;ssl=1 768w\" sizes=\"auto, (max-width: 800px) 100vw, 800px\" \/><\/figure>\n\n\n\n<p><\/p>\n\n\n\n<p><em>-Lo que dijiste del trueque, \u00bfcu\u00e1nto hace que se empez\u00f3?<\/em><\/p>\n\n\n\n<p><\/p>\n\n\n\n<p>-Este a\u00f1o. <strong>A final de febrero <\/strong>empezamos a escuchar estas formas de <strong>trueque en productos, en insumos y, obviamente, que en alimentos.<\/strong><\/p>\n\n\n\n<p><\/p>\n\n\n\n<p><em>-\u00bfCuesta ver en Olavarr\u00eda estos nuevos conceptos que La Minga detecta?<\/em><\/p>\n\n\n\n<p><\/p>\n\n\n\n<p>Lo que est\u00e1 pasando en Olavarr\u00eda, y he estado conversando con compa\u00f1eras y compa\u00f1eros de otros distritos, <strong>est\u00e1 pasando tambi\u00e9n en otros lados<\/strong>.<\/p>\n\n\n\n<p><\/p>\n\n\n\n<blockquote class=\"wp-block-quote is-layout-flow wp-block-quote-is-layout-flow\">\n<p>Lo que pasa es que en Olavarr\u00eda puntualmente tenemos, seg\u00fan el \u00faltimo censo 51.896 viviendas, hogares, lugares f\u00edsicos donde ten\u00e9s familias viviendo. Nosotros como tenemos censado desde nuestra organizaci\u00f3n social que en el 70% de los hogares olavarrienses hay una experiencia emprendedora. Lo que significa que en 36.327 hogares de Olavarr\u00eda hoy hay un emprendedor o una emprendedora, hay una familia emprendedora. No significa que ese 70% sea el ingreso exclusivo. Si me arriesgo, en un 50% s\u00ed. Porque esto mut\u00f3. Hace un par de meses era el ingreso extra que se necesitaba para llegar al fin de mes. El concepto de fin de mes tambi\u00e9n cambi\u00f3. Hoy el fin de mes es un 15.<\/p>\n<\/blockquote>\n\n\n\n<p><\/p>\n\n\n\n<p><em>-\u00bfQu\u00e9 pasa con los sectores de jubilados?<\/em><\/p>\n\n\n\n<p><\/p>\n\n\n\n<p>-S\u00ed, el tema de <strong>los jubilados y los adultos mayores es imposible no ver.<\/strong> Lo que nos pasa espec\u00edficamente es, <strong>familias que son acompa\u00f1adas por los pap\u00e1s y las mam\u00e1s, adultos mayores<\/strong>. Y<strong> jubilados, que est\u00e1n tomando la mitad de la pastilla del medicamento<\/strong>. Lo escuchamos, somos testigos de eso. S\u00ed o s\u00ed necesitan ayuda y respaldo de la familia. Y <strong>muchos que quieren emprender, y nos cuesta tambi\u00e9n acompa\u00f1arlos<\/strong>, tenemos por ah\u00ed algunas dificultades porque necesitas traslado, porque para vender ten\u00e9s que andar, un ritmo muy r\u00e1pido porque ten\u00e9s que participar en feria, ten\u00e9s que conseguir los insumos.<\/p>\n\n\n\n<p><\/p>\n\n\n\n<figure class=\"wp-block-image size-full\"><img data-recalc-dims=\"1\" loading=\"lazy\" decoding=\"async\" width=\"800\" height=\"483\" src=\"https:\/\/i0.wp.com\/cdnoticias.com\/wp-content\/uploads\/2025\/03\/la-minga-feria.png?resize=800%2C483&#038;ssl=1\" alt=\"\" class=\"wp-image-165693\" srcset=\"https:\/\/i0.wp.com\/cdnoticias.com\/wp-content\/uploads\/2025\/03\/la-minga-feria.png?w=896&amp;ssl=1 896w, https:\/\/i0.wp.com\/cdnoticias.com\/wp-content\/uploads\/2025\/03\/la-minga-feria.png?resize=300%2C181&amp;ssl=1 300w, https:\/\/i0.wp.com\/cdnoticias.com\/wp-content\/uploads\/2025\/03\/la-minga-feria.png?resize=768%2C464&amp;ssl=1 768w\" sizes=\"auto, (max-width: 800px) 100vw, 800px\" \/><\/figure>\n\n\n\n<p><\/p>\n\n\n\n<p><em>-\u00bfC\u00f3mo est\u00e1 el ese tema?<\/em><\/p>\n\n\n\n<p><\/p>\n\n\n\n<blockquote class=\"wp-block-quote is-layout-flow wp-block-quote-is-layout-flow\">\n<p>-Hoy tenemos un grav\u00edsimo problema para que puedan comprar los insumos. Un grav\u00edsimo problema. La importaci\u00f3n ha afectado much\u00edsimo, porque si bien ten\u00e9s un mont\u00f3n de productos a bajo precio que ingresan, tambi\u00e9n ten\u00e9s la competencia desleal. Lo vemos como la competencia desleal. <\/p>\n<\/blockquote>\n\n\n\n<p><\/p>\n\n\n\n<p>Por eso desde la Minga nosotros <strong>siempre pregonamos y tuvimos como premisa, en el armado de las ferias que siempre sea gente de ac\u00e1 de Olavarr\u00eda<\/strong>. Y que el dinero siempre quede ac\u00e1 en el <strong>comercio interno.<\/strong> Ese dinero lo usan en el mercado del barrio, en la farmacia, compr\u00e1ndole los \u00fatiles escolares para los hijos. Esa es una de las estrategias que nos planteamos dentro de tantas estrategias que nos planteamos hoy desde nuestra organizaci\u00f3n social. No es un trabajo individual, es un trabajo colectivo, somos un mont\u00f3n que estamos trabajando y que tratamos de acompa\u00f1ar. <strong>Desde que empez\u00f3 el a\u00f1o, a la semana pasada que pudimos redactar un peque\u00f1o informe, han tomado contacto con nosotros 380 familias olavarrieses. <\/strong>Si sumamos todas las otras de todos los a\u00f1os, es una cifra que no podemos dejar pasar. No podemos dejar de contar esto porque est\u00e1 pasando.<\/p>\n\n\n\n<p><\/p>\n\n\n\n<p><em>-\u00bfQu\u00e9 es lo que les piden cuando los contactan?<\/em><\/p>\n\n\n\n<p><\/p>\n\n\n\n<p>-Y sobre todo <strong>nos dicen \u201cquiero hacer algo, necesito emprender, tengo un peque\u00f1o dinero porque pude vender una moto, pero me qued\u00e9 sin trabajo. \u00bfQu\u00e9 puedo hacer?\u201d<\/strong>. Siempre con esa l\u00f3gica de preguntas. A lo cual nosotros <strong>siempre buscamos esto: \u201c\u00bfqu\u00e9 sabes hacer?\u201d. <\/strong>Nos entrevistamos, vemos qu\u00e9 competencias, porque tambi\u00e9n <strong>no todos pueden vender<\/strong>. Nos ha pasado con emprendedores que s\u00ed que han comprado un producto para revender dentro del comercio popular, pero despu\u00e9s les da verg\u00fcenza cobrar.<strong> Ten\u00e9s que formarte en un mont\u00f3n de estrategias personales para que vos puedas sostener ese trabajo<\/strong>. Y ah\u00ed est\u00e1 el desaf\u00edo de poder sostenerlo. Y no lo logran solos, lo logran en grupo. Por eso, hace tantos a\u00f1os que nosotros tenemos el<strong> Proyecto Emprender que los emprendedores m\u00e1s viejos, con m\u00e1s conocimiento y con m\u00e1s idas y vueltas, acompa\u00f1an al m\u00e1s d\u00e9bil<\/strong>, al que reci\u00e9n inicia como para poder acortar la brecha. Porque emprender es dif\u00edcil. Y si encima emprendes y fallas, y perd\u00e9s lo poco dinero que ten\u00edas para invertir\u2026<\/p>\n\n\n\n<p><\/p>\n\n\n\n<p><em>-Adem\u00e1s es emprender en situaci\u00f3n de urgencia \u2026<\/em><\/p>\n\n\n\n<p><\/p>\n\n\n\n<p>-Pasaba hace un tiempo, y <strong>no mucho tiempo atr\u00e1s, emprend\u00edas en forma m\u00e1s organizada<\/strong> porque el saber hacer te permit\u00eda organizar en el tiempo tu emprendimiento. Era una idea de trabajo y lo proyectabas a algunos meses. <\/p>\n\n\n\n<p><\/p>\n\n\n\n<blockquote class=\"wp-block-quote is-layout-flow wp-block-quote-is-layout-flow\">\n<p>Hoy en una semana, est\u00e1s emprendiendo, y la realidad no te acompa\u00f1a para proyectarte porque vos ten\u00e9s la necesidad de hoy. Son sost\u00e9n de hogar, entonces, al tener la necesidad diaria es dif\u00edcil proyectar.<\/p>\n<\/blockquote>\n\n\n\n<p><\/p>\n\n\n\n<figure class=\"wp-block-image size-full\"><img data-recalc-dims=\"1\" loading=\"lazy\" decoding=\"async\" width=\"800\" height=\"445\" src=\"https:\/\/i0.wp.com\/cdnoticias.com\/wp-content\/uploads\/2023\/01\/minga-10-800x445-1.jpg?resize=800%2C445&#038;ssl=1\" alt=\"\" class=\"wp-image-74693\" srcset=\"https:\/\/i0.wp.com\/cdnoticias.com\/wp-content\/uploads\/2023\/01\/minga-10-800x445-1.jpg?w=800&amp;ssl=1 800w, https:\/\/i0.wp.com\/cdnoticias.com\/wp-content\/uploads\/2023\/01\/minga-10-800x445-1.jpg?resize=300%2C167&amp;ssl=1 300w, https:\/\/i0.wp.com\/cdnoticias.com\/wp-content\/uploads\/2023\/01\/minga-10-800x445-1.jpg?resize=768%2C427&amp;ssl=1 768w\" sizes=\"auto, (max-width: 800px) 100vw, 800px\" \/><\/figure>\n\n\n\n<p><\/p>\n\n\n\n<p><em>-Hace unas semanas que venimos viendo muchos informes que hablan del endeudamientos bancarios y no bancarios de las familias. \u00bfUstedes notan eso como problem\u00e1tica?<\/em><\/p>\n\n\n\n<p><\/p>\n\n\n\n<p>-Creo que <strong>en toda la comunidad, este porcentaje de la cantidad de hogares, es una realidad<\/strong>. Seguramente, el endeudamiento es real. <strong>Lo que desde la organizaci\u00f3n para nosotros es una premisa: no los incentivamos al cr\u00e9dito bancario.<\/strong> Porque son d\u00e9biles y van a adquirir una deuda. Hasta que no est\u00e1n fuertes y pueden sostener, que no estar\u00eda pasando estos \u00faltimos meses. Muchos, por supuesto, averiguan y se acercan a promociones o a lugares que pueden acompa\u00f1arlos con una suma de dinero, pero les cuesta pagar.<\/p>\n\n\n\n<p><\/p>\n\n\n\n<p><em>-\u00bfCu\u00e1l es la relaci\u00f3n de La Minga con el Estado Nacional, Provincial y Municipal? \u00bfHay colaboraci\u00f3n? \u00bfHay visi\u00f3n de un lugar para este tipo de econom\u00eda?<\/em><\/p>\n\n\n\n<p><\/p>\n\n\n\n<p>&#8211;<strong>Desde el Gobierno Nacional, claramente, est\u00e1 la ausencia de pol\u00edtica p\u00fablica y de agenda de gobierno<\/strong>. Si un tema no est\u00e1 en la agenda de gobierno, no pod\u00e9s esperar una pol\u00edtica social destinada a tal fin. Eso fue siempre, as\u00ed no es una novedad. Al no estar en la agenda de gobierno, es muy dif\u00edcil que decante hacia <strong>el Estado Provincial y el Estado Municipal, que tambi\u00e9n est\u00e1n ahogados de situaci\u00f3n real <\/strong>en cuanto al tema de deuda millonaria que tiene el Gobierno Nacional con la Provincia y los municipios. Es decir, tambi\u00e9n est\u00e1n afrontando realidades que son muy crudas. Por ejemplo, la salud. <\/p>\n\n\n\n<p><\/p>\n\n\n\n<blockquote class=\"wp-block-quote is-layout-flow wp-block-quote-is-layout-flow\">\n<p>Desde el Estado Nacional, es imposible que piensen en un concepto de econom\u00eda social porque es abismal la diferencia. Aparte, no pod\u00e9s gobernar lo que no conoces en ninguno de los niveles del estado. La econom\u00eda social siempre necesit\u00f3 una pol\u00edtica nacional. Lo que fue el monotributo social. Nosotros en el 2022, desde la Minga entregamos un fondo de 12 millones de pesos en herramientas e insumos. Fortalecimos m\u00e1s de 70 experiencias emprendedoras con un acompa\u00f1amiento hist\u00f3rico para la econom\u00eda social. Pero lo pudimos hacer con un Estado Nacional presente y un Estado que toma como centro a la persona. Hoy no est\u00e1 y eso se empieza a ver en todos los niveles de gobierno.<\/p>\n<\/blockquote>\n\n\n\n<p><\/p>\n\n\n\n<figure class=\"wp-block-image size-full\"><img data-recalc-dims=\"1\" loading=\"lazy\" decoding=\"async\" width=\"800\" height=\"445\" src=\"https:\/\/i0.wp.com\/cdnoticias.com\/wp-content\/uploads\/2026\/04\/patricia-bahl-01.png?resize=800%2C445&#038;ssl=1\" alt=\"\" class=\"wp-image-202008\" srcset=\"https:\/\/i0.wp.com\/cdnoticias.com\/wp-content\/uploads\/2026\/04\/patricia-bahl-01.png?w=800&amp;ssl=1 800w, https:\/\/i0.wp.com\/cdnoticias.com\/wp-content\/uploads\/2026\/04\/patricia-bahl-01.png?resize=300%2C167&amp;ssl=1 300w, https:\/\/i0.wp.com\/cdnoticias.com\/wp-content\/uploads\/2026\/04\/patricia-bahl-01.png?resize=768%2C427&amp;ssl=1 768w\" sizes=\"auto, (max-width: 800px) 100vw, 800px\" \/><\/figure>\n\n\n\n<p><\/p>\n\n\n\n<p><em>-\u00bfC\u00f3mo se acercan a la Minga?<\/em><\/p>\n\n\n\n<p><\/p>\n\n\n\n<p>&#8211;<strong>Por Facebook, por Instagram y despu\u00e9s el tel\u00e9fono personal <\/strong>que lo tiene todo el mundo. Es a toda hora, y las redes hoy por hoy est\u00e1n a full.<\/p>\n\n\n\n<p><\/p>\n\n\n\n<p><em>-Y adem\u00e1s de vos, \u00bfcu\u00e1ntas personas trabajan en La Minga? \u00bfC\u00f3mo es el equipo?<\/em><\/p>\n\n\n\n<p><\/p>\n\n\n\n<p>-Amplio. Porque <strong>tenemos una comisi\u00f3n directiva<\/strong>, nosotros somos una entidad de bien p\u00fablico.<strong> Somos 20 personas<\/strong> que forman parte de la comisi\u00f3n. <strong>La vicepresidenta de La Minga, que es Brenda Illescas, acompa\u00f1a fuertemente en todo lo que es la Feria a Cielo Abierto<\/strong>, que es el espacio de la plaza. Y tenemos <strong>asesoramiento extra con una licenciada en marketing <\/strong>y todo lo que es tecnolog\u00eda porque hacemos tambi\u00e9n muchas capacitaciones en comercio electr\u00f3nico, redes y plataformas para poder vender. <strong>Trabajamos tambi\u00e9n mucho en los barrios<\/strong>, porque juntamos a 4 o 5 emprendedores en las casas y nos resulta por ah\u00ed incluso m\u00e1s rico. El <strong>Proyecto Emprender <\/strong>lo que nos permite esto de terminar en un taller barrial y juntar en forma solidaria a los emprendedores, que ellos mismos se eligen, se conocen, est\u00e1n dentro del mismo barrio. Los acompa\u00f1amos justamente desde el territorio porque es el primer lugar de venta: el barrio, su gente, su comunidad. Pero claramente hoy la econom\u00eda social, <strong>hoy la feria es un espacio de trabajo. Es un nuevo concepto, ha mutado y es un trabajo.<\/strong><\/p>\n\n\n\n<p><\/p>\n","protected":false},"excerpt":{"rendered":"<p>En el D\u00eda del Trabajador, la referente de La Minga advirti\u00f3 sobre el impacto de la crisis econ\u00f3mica en los<\/p>\n","protected":false},"author":4,"featured_media":202010,"comment_status":"closed","ping_status":"closed","sticky":false,"template":"","format":"standard","meta":{"_jetpack_memberships_contains_paid_content":false,"footnotes":""},"categories":[5,7],"tags":[],"class_list":["post-202116","post","type-post","status-publish","format-standard","has-post-thumbnail","hentry","category-informacion-general","category-central"],"jetpack_featured_media_url":"https:\/\/i0.wp.com\/cdnoticias.com\/wp-content\/uploads\/2026\/04\/patricia-bahl-03.png?fit=800%2C445&ssl=1","jetpack_sharing_enabled":true,"_links":{"self":[{"href":"https:\/\/cdnoticias.com\/index.php\/wp-json\/wp\/v2\/posts\/202116","targetHints":{"allow":["GET"]}}],"collection":[{"href":"https:\/\/cdnoticias.com\/index.php\/wp-json\/wp\/v2\/posts"}],"about":[{"href":"https:\/\/cdnoticias.com\/index.php\/wp-json\/wp\/v2\/types\/post"}],"author":[{"embeddable":true,"href":"https:\/\/cdnoticias.com\/index.php\/wp-json\/wp\/v2\/users\/4"}],"replies":[{"embeddable":true,"href":"https:\/\/cdnoticias.com\/index.php\/wp-json\/wp\/v2\/comments?post=202116"}],"version-history":[{"count":1,"href":"https:\/\/cdnoticias.com\/index.php\/wp-json\/wp\/v2\/posts\/202116\/revisions"}],"predecessor-version":[{"id":202117,"href":"https:\/\/cdnoticias.com\/index.php\/wp-json\/wp\/v2\/posts\/202116\/revisions\/202117"}],"wp:featuredmedia":[{"embeddable":true,"href":"https:\/\/cdnoticias.com\/index.php\/wp-json\/wp\/v2\/media\/202010"}],"wp:attachment":[{"href":"https:\/\/cdnoticias.com\/index.php\/wp-json\/wp\/v2\/media?parent=202116"}],"wp:term":[{"taxonomy":"category","embeddable":true,"href":"https:\/\/cdnoticias.com\/index.php\/wp-json\/wp\/v2\/categories?post=202116"},{"taxonomy":"post_tag","embeddable":true,"href":"https:\/\/cdnoticias.com\/index.php\/wp-json\/wp\/v2\/tags?post=202116"}],"curies":[{"name":"wp","href":"https:\/\/api.w.org\/{rel}","templated":true}]}}