{"id":202111,"date":"2026-05-01T10:35:40","date_gmt":"2026-05-01T13:35:40","guid":{"rendered":"https:\/\/cdnoticias.com\/?p=202111"},"modified":"2026-05-01T10:35:42","modified_gmt":"2026-05-01T13:35:42","slug":"un-adolescente-y-un-hombre-aprehendidos-tras-robos-en-comercios","status":"publish","type":"post","link":"https:\/\/cdnoticias.com\/index.php\/2026\/05\/01\/un-adolescente-y-un-hombre-aprehendidos-tras-robos-en-comercios\/","title":{"rendered":"Un adolescente y un hombre, aprehendidos tras robos en comercios"},"content":{"rendered":"<p>Uno de los hechos se dio en Col\u00f3n y 25 de Mayo, de donde se llevaron mercader\u00eda, y el segundo fue en Vicente L\u00f3pez al 3000, donde no lograron cometer el il\u00edcito.<\/p>\n\n\n<hr class=\"wp-block-separator has-alpha-channel-opacity\"\/>\n\n\n\n<!--more-->\n\n\n\n<p><strong>Dos personas, una de ellas menor de edad, fueron aprehendidas en Olavarr\u00eda <\/strong>tras ser sorprendidas en hechos de <strong>hurto en grado de tentativa<\/strong> ocurridos en distintos puntos ubicados en las inmediaciones del centro de la ciudad.<\/p>\n\n\n\n<p><\/p>\n\n\n\n<p>El primero de los episodios se registr\u00f3 en un<strong> kiosco y minimercado ubicado en la zona de avenida Col\u00f3n y 25 de Mayo<\/strong>. El segundo, tuvo lugar en un <strong>paseo de compras situado sobre Vicente L\u00f3pez al 3000.<\/strong><\/p>\n\n\n\n<p><\/p>\n\n\n\n<blockquote class=\"wp-block-quote is-layout-flow wp-block-quote-is-layout-flow\">\n<p>Todo ocurri\u00f3 el lunes pasado. De acuerdo a lo informado, personal del Comando de Patrulla procedi\u00f3 a la aprehensi\u00f3n de un hombre de 45 a\u00f1os y un adolescente de 17. Se estableci\u00f3 que ambos instantes antes hab\u00edan sustra\u00eddo mercader\u00eda de un comercio e intentado cometer un il\u00edcito similar en otro local sin lograr concretarlo.<\/p>\n<\/blockquote>\n\n\n\n<p><\/p>\n\n\n\n<p>Durante el procedimiento se <strong>secuestraron un insecticida y tres paquetes de yerba.<\/strong><\/p>\n\n\n\n<p><\/p>\n\n\n\n<p>Fueron trasladados a la<strong> Comisar\u00eda Primera<\/strong> y quedaron a disposici\u00f3n de la<strong> UFI N\u00b0 17 del Fuero Penal Juvenil <\/strong>a cargo de la Dra. Mariela Viceconte. En cuanto al menor de edad, tras cumplirse los recaudos legales correspondientes, fue entregado a un mayor responsable.<\/p>\n\n\n\n<p><\/p>\n","protected":false},"excerpt":{"rendered":"<p>Uno de los hechos se dio en Col\u00f3n y 25 de Mayo, de donde se llevaron mercader\u00eda, y el segundo<\/p>\n","protected":false},"author":4,"featured_media":202112,"comment_status":"closed","ping_status":"closed","sticky":false,"template":"","format":"standard","meta":{"_jetpack_memberships_contains_paid_content":false,"footnotes":""},"categories":[7,14],"tags":[],"class_list":["post-202111","post","type-post","status-publish","format-standard","has-post-thumbnail","hentry","category-central","category-policiales"],"jetpack_featured_media_url":"https:\/\/i0.wp.com\/cdnoticias.com\/wp-content\/uploads\/2026\/05\/colon-y-25-de-mayo-00.jpg?fit=1000%2C557&ssl=1","jetpack_sharing_enabled":true,"_links":{"self":[{"href":"https:\/\/cdnoticias.com\/index.php\/wp-json\/wp\/v2\/posts\/202111","targetHints":{"allow":["GET"]}}],"collection":[{"href":"https:\/\/cdnoticias.com\/index.php\/wp-json\/wp\/v2\/posts"}],"about":[{"href":"https:\/\/cdnoticias.com\/index.php\/wp-json\/wp\/v2\/types\/post"}],"author":[{"embeddable":true,"href":"https:\/\/cdnoticias.com\/index.php\/wp-json\/wp\/v2\/users\/4"}],"replies":[{"embeddable":true,"href":"https:\/\/cdnoticias.com\/index.php\/wp-json\/wp\/v2\/comments?post=202111"}],"version-history":[{"count":1,"href":"https:\/\/cdnoticias.com\/index.php\/wp-json\/wp\/v2\/posts\/202111\/revisions"}],"predecessor-version":[{"id":202113,"href":"https:\/\/cdnoticias.com\/index.php\/wp-json\/wp\/v2\/posts\/202111\/revisions\/202113"}],"wp:featuredmedia":[{"embeddable":true,"href":"https:\/\/cdnoticias.com\/index.php\/wp-json\/wp\/v2\/media\/202112"}],"wp:attachment":[{"href":"https:\/\/cdnoticias.com\/index.php\/wp-json\/wp\/v2\/media?parent=202111"}],"wp:term":[{"taxonomy":"category","embeddable":true,"href":"https:\/\/cdnoticias.com\/index.php\/wp-json\/wp\/v2\/categories?post=202111"},{"taxonomy":"post_tag","embeddable":true,"href":"https:\/\/cdnoticias.com\/index.php\/wp-json\/wp\/v2\/tags?post=202111"}],"curies":[{"name":"wp","href":"https:\/\/api.w.org\/{rel}","templated":true}]}}