{"id":202091,"date":"2026-05-01T09:54:56","date_gmt":"2026-05-01T12:54:56","guid":{"rendered":"https:\/\/cdnoticias.com\/?p=202091"},"modified":"2026-05-01T11:13:50","modified_gmt":"2026-05-01T14:13:50","slug":"choque-en-barrio-pueblo-nuevo-un-joven-resulto-herido","status":"publish","type":"post","link":"https:\/\/cdnoticias.com\/index.php\/2026\/05\/01\/choque-en-barrio-pueblo-nuevo-un-joven-resulto-herido\/","title":{"rendered":"Choque en barrio Pueblo Nuevo: un joven result\u00f3 herido"},"content":{"rendered":"<p>Iba al mando de una moto de la que cay\u00f3 tras chocar con un auto. Fue atendido en el Hospital donde se determin\u00f3 que sufri\u00f3 fractura.<\/p>\n\n\n<hr class=\"wp-block-separator has-alpha-channel-opacity\"\/>\n\n\n\n<!--more-->\n\n\n\n<p><strong>Pasadas las 23.30 del jueves<\/strong> se registr\u00f3 <strong>un siniestro vial en el barrio Pueblo Nuevo<\/strong> de Olavarr\u00eda donde <strong>un joven result\u00f3 con lesiones de consideraci\u00f3n<\/strong>.<\/p>\n\n\n\n<p><\/p>\n\n\n\n<p>Seg\u00fan se pudo saber, se vieron involucrados <strong>un auto Ford Fiesta y una moto Corven Energy<\/strong>.<\/p>\n\n\n\n<p><\/p>\n\n\n\n<figure class=\"wp-block-image size-full\"><img data-recalc-dims=\"1\" loading=\"lazy\" decoding=\"async\" width=\"800\" height=\"445\" src=\"https:\/\/i0.wp.com\/cdnoticias.com\/wp-content\/uploads\/2026\/05\/choque-chacabuco-y-suarez-B.jpg?resize=800%2C445&#038;ssl=1\" alt=\"\" class=\"wp-image-202093\" srcset=\"https:\/\/i0.wp.com\/cdnoticias.com\/wp-content\/uploads\/2026\/05\/choque-chacabuco-y-suarez-B.jpg?w=1000&amp;ssl=1 1000w, https:\/\/i0.wp.com\/cdnoticias.com\/wp-content\/uploads\/2026\/05\/choque-chacabuco-y-suarez-B.jpg?resize=300%2C167&amp;ssl=1 300w, https:\/\/i0.wp.com\/cdnoticias.com\/wp-content\/uploads\/2026\/05\/choque-chacabuco-y-suarez-B.jpg?resize=768%2C427&amp;ssl=1 768w, https:\/\/i0.wp.com\/cdnoticias.com\/wp-content\/uploads\/2026\/05\/choque-chacabuco-y-suarez-B.jpg?resize=800%2C445&amp;ssl=1 800w\" sizes=\"auto, (max-width: 800px) 100vw, 800px\" \/><\/figure>\n\n\n\n<p><\/p>\n\n\n\n<blockquote class=\"wp-block-quote is-layout-flow wp-block-quote-is-layout-flow\">\n<p>A bordo de la moto transitaba un hombre de 21 a\u00f1os quien perdi\u00f3 el control del rodado y cay\u00f3 al asfalto. A ra\u00edz de las heridas sufridas fue derivado al Hospital Municipal donde se determin\u00f3 que presentaba fractura en una de sus mu\u00f1ecas.<\/p>\n<\/blockquote>\n\n\n\n<p><\/p>\n\n\n\n<p>En el lugar del hecho trabaj\u00f3 personal del<strong> Comando de Patrullas<\/strong>, que fue convocado a trav\u00e9s del 911, y una <strong>ambulancia de SAME <\/strong>que traslad\u00f3 a la v\u00edctima. Asimismo, posteriormente se hizo presente personal de<strong> Polic\u00eda Cient\u00edfica.<\/strong><\/p>\n\n\n\n<p><\/p>\n\n\n\n<p>Se iniciaron actuaciones por <strong>\u201clesiones culposas\u201d <\/strong>con intervenci\u00f3n de la <strong>UFI N\u00ba 4.<\/strong><\/p>\n\n\n\n<p><\/p>\n\n\n\n<figure class=\"wp-block-image size-full\"><img data-recalc-dims=\"1\" loading=\"lazy\" decoding=\"async\" width=\"800\" height=\"446\" src=\"https:\/\/i0.wp.com\/cdnoticias.com\/wp-content\/uploads\/2026\/05\/choque-chacabuco-y-suarez-C.jpg?resize=800%2C446&#038;ssl=1\" alt=\"\" class=\"wp-image-202094\" srcset=\"https:\/\/i0.wp.com\/cdnoticias.com\/wp-content\/uploads\/2026\/05\/choque-chacabuco-y-suarez-C.jpg?w=1000&amp;ssl=1 1000w, https:\/\/i0.wp.com\/cdnoticias.com\/wp-content\/uploads\/2026\/05\/choque-chacabuco-y-suarez-C.jpg?resize=300%2C167&amp;ssl=1 300w, https:\/\/i0.wp.com\/cdnoticias.com\/wp-content\/uploads\/2026\/05\/choque-chacabuco-y-suarez-C.jpg?resize=768%2C428&amp;ssl=1 768w, https:\/\/i0.wp.com\/cdnoticias.com\/wp-content\/uploads\/2026\/05\/choque-chacabuco-y-suarez-C.jpg?resize=800%2C445&amp;ssl=1 800w\" sizes=\"auto, (max-width: 800px) 100vw, 800px\" \/><\/figure>\n","protected":false},"excerpt":{"rendered":"<p>Iba al mando de una moto de la que cay\u00f3 tras chocar con un auto. Fue atendido en el Hospital<\/p>\n","protected":false},"author":4,"featured_media":202092,"comment_status":"closed","ping_status":"closed","sticky":false,"template":"","format":"standard","meta":{"_jetpack_memberships_contains_paid_content":false,"footnotes":""},"categories":[14,1],"tags":[],"class_list":["post-202091","post","type-post","status-publish","format-standard","has-post-thumbnail","hentry","category-policiales","category-portada"],"jetpack_featured_media_url":"https:\/\/i0.wp.com\/cdnoticias.com\/wp-content\/uploads\/2026\/05\/choque-chacabuco-y-suarez-A.jpg?fit=1000%2C556&ssl=1","jetpack_sharing_enabled":true,"_links":{"self":[{"href":"https:\/\/cdnoticias.com\/index.php\/wp-json\/wp\/v2\/posts\/202091","targetHints":{"allow":["GET"]}}],"collection":[{"href":"https:\/\/cdnoticias.com\/index.php\/wp-json\/wp\/v2\/posts"}],"about":[{"href":"https:\/\/cdnoticias.com\/index.php\/wp-json\/wp\/v2\/types\/post"}],"author":[{"embeddable":true,"href":"https:\/\/cdnoticias.com\/index.php\/wp-json\/wp\/v2\/users\/4"}],"replies":[{"embeddable":true,"href":"https:\/\/cdnoticias.com\/index.php\/wp-json\/wp\/v2\/comments?post=202091"}],"version-history":[{"count":1,"href":"https:\/\/cdnoticias.com\/index.php\/wp-json\/wp\/v2\/posts\/202091\/revisions"}],"predecessor-version":[{"id":202095,"href":"https:\/\/cdnoticias.com\/index.php\/wp-json\/wp\/v2\/posts\/202091\/revisions\/202095"}],"wp:featuredmedia":[{"embeddable":true,"href":"https:\/\/cdnoticias.com\/index.php\/wp-json\/wp\/v2\/media\/202092"}],"wp:attachment":[{"href":"https:\/\/cdnoticias.com\/index.php\/wp-json\/wp\/v2\/media?parent=202091"}],"wp:term":[{"taxonomy":"category","embeddable":true,"href":"https:\/\/cdnoticias.com\/index.php\/wp-json\/wp\/v2\/categories?post=202091"},{"taxonomy":"post_tag","embeddable":true,"href":"https:\/\/cdnoticias.com\/index.php\/wp-json\/wp\/v2\/tags?post=202091"}],"curies":[{"name":"wp","href":"https:\/\/api.w.org\/{rel}","templated":true}]}}