{"id":202089,"date":"2026-05-01T09:32:43","date_gmt":"2026-05-01T12:32:43","guid":{"rendered":"https:\/\/cdnoticias.com\/?p=202089"},"modified":"2026-05-01T10:38:30","modified_gmt":"2026-05-01T13:38:30","slug":"este-viernes-sin-transporte-publico-en-olavarria-por-el-dia-del-trabajador","status":"publish","type":"post","link":"https:\/\/cdnoticias.com\/index.php\/2026\/05\/01\/este-viernes-sin-transporte-publico-en-olavarria-por-el-dia-del-trabajador\/","title":{"rendered":"Este viernes, sin transporte p\u00fablico en Olavarr\u00eda por el D\u00eda del Trabajador"},"content":{"rendered":"<p>La medida alcanza a todas las l\u00edneas urbanas e interurbanas y responde a la modalidad habitual para esta fecha.<\/p>\n\n\n<hr class=\"wp-block-separator has-alpha-channel-opacity\"\/>\n\n\n\n<!--more-->\n\n\n\n<p>Este <strong>viernes 1\u00b0 de mayo no habr\u00e1 servicio de transporte p\u00fablico de pasajeros en Olavarr\u00eda<\/strong>, en el marco de la conmemoraci\u00f3n del <strong>D\u00eda del Trabajador.<\/strong><\/p>\n\n\n\n<p><\/p>\n\n\n\n<blockquote class=\"wp-block-quote is-layout-flow wp-block-quote-is-layout-flow\">\n<p>Seg\u00fan se inform\u00f3 a <strong>Central de Noticias<\/strong> desde fuentes vinculadas a las empresas, la suspensi\u00f3n afectar\u00e1 tanto a las l\u00edneas urbanas como a las interurbanas.<\/p>\n<\/blockquote>\n\n\n\n<p><\/p>\n\n\n\n<p>De esta manera, el sistema <strong>funcionar\u00e1 con normalidad nuevamente el s\u00e1bado 2 de mayo<\/strong>.<\/p>\n\n\n\n<p><\/p>\n","protected":false},"excerpt":{"rendered":"<p>La medida alcanza a todas las l\u00edneas urbanas e interurbanas y responde a la modalidad habitual para esta fecha.<\/p>\n","protected":false},"author":4,"featured_media":100627,"comment_status":"closed","ping_status":"closed","sticky":false,"template":"","format":"standard","meta":{"_jetpack_memberships_contains_paid_content":false,"footnotes":""},"categories":[5,1],"tags":[],"class_list":["post-202089","post","type-post","status-publish","format-standard","has-post-thumbnail","hentry","category-informacion-general","category-portada"],"jetpack_featured_media_url":"https:\/\/i0.wp.com\/cdnoticias.com\/wp-content\/uploads\/2023\/10\/transporte-interurbano-terminal-colectivo-00.jpg?fit=800%2C444&ssl=1","jetpack_sharing_enabled":true,"_links":{"self":[{"href":"https:\/\/cdnoticias.com\/index.php\/wp-json\/wp\/v2\/posts\/202089","targetHints":{"allow":["GET"]}}],"collection":[{"href":"https:\/\/cdnoticias.com\/index.php\/wp-json\/wp\/v2\/posts"}],"about":[{"href":"https:\/\/cdnoticias.com\/index.php\/wp-json\/wp\/v2\/types\/post"}],"author":[{"embeddable":true,"href":"https:\/\/cdnoticias.com\/index.php\/wp-json\/wp\/v2\/users\/4"}],"replies":[{"embeddable":true,"href":"https:\/\/cdnoticias.com\/index.php\/wp-json\/wp\/v2\/comments?post=202089"}],"version-history":[{"count":1,"href":"https:\/\/cdnoticias.com\/index.php\/wp-json\/wp\/v2\/posts\/202089\/revisions"}],"predecessor-version":[{"id":202090,"href":"https:\/\/cdnoticias.com\/index.php\/wp-json\/wp\/v2\/posts\/202089\/revisions\/202090"}],"wp:featuredmedia":[{"embeddable":true,"href":"https:\/\/cdnoticias.com\/index.php\/wp-json\/wp\/v2\/media\/100627"}],"wp:attachment":[{"href":"https:\/\/cdnoticias.com\/index.php\/wp-json\/wp\/v2\/media?parent=202089"}],"wp:term":[{"taxonomy":"category","embeddable":true,"href":"https:\/\/cdnoticias.com\/index.php\/wp-json\/wp\/v2\/categories?post=202089"},{"taxonomy":"post_tag","embeddable":true,"href":"https:\/\/cdnoticias.com\/index.php\/wp-json\/wp\/v2\/tags?post=202089"}],"curies":[{"name":"wp","href":"https:\/\/api.w.org\/{rel}","templated":true}]}}