{"id":202082,"date":"2026-04-30T20:33:56","date_gmt":"2026-04-30T23:33:56","guid":{"rendered":"https:\/\/cdnoticias.com\/?p=202082"},"modified":"2026-04-30T20:33:58","modified_gmt":"2026-04-30T23:33:58","slug":"se-completa-la-novena-fecha-de-la-union-deportiva-regional-con-partidos-entre-viernes-y-domingo","status":"publish","type":"post","link":"https:\/\/cdnoticias.com\/index.php\/2026\/04\/30\/se-completa-la-novena-fecha-de-la-union-deportiva-regional-con-partidos-entre-viernes-y-domingo\/","title":{"rendered":"Se completa la novena fecha de la Uni\u00f3n Deportiva Regional con partidos entre viernes y domingo"},"content":{"rendered":"\n<p>Los encuentros suspendidos se disputar\u00e1n este fin de semana largo, con inicio en Bol\u00edvar. La jornada ser\u00e1 clave para empezar a definir clasificados a la siguiente fase.<\/p>\n\n\n\n<hr class=\"wp-block-separator aligncenter has-alpha-channel-opacity\"\/>\n\n\n\n<p>Entre el viernes feriado y el domingo se jugar\u00e1n los<strong> partidos pendientes de la novena fecha de la Uni\u00f3n Deportiva Regional, luego de las suspensiones registradas el pasado fin de semana. De esta manera, se completar\u00e1 el noveno cap\u00edtulo del certamen en sus distintas zonas.<\/strong><\/p>\n\n\n\n<p>La actividad comenzar\u00e1 el viernes en Bol\u00edvar, donde<strong> Empleados recibir\u00e1 a Embajadores, en el \u00fanico encuentro programado para esa jornada. El resto de los partidos se disputar\u00e1n el domingo, en diferentes escenarios y horarios.<\/strong><\/p>\n\n\n\n<p>En la Zona A, <strong>Espigas <\/strong>se medir\u00e1 ante Cemento Armado en Hinojo (12.45 Sub 21 y 15.00 Primera), mientras que <strong>Colonias y Cerros <\/strong>enfrentar\u00e1 a Independiente en la cancha de Embajadores (15.15 Sub 21 y 13.00 Primera). Adem\u00e1s, Boca ser\u00e1 local ante Alumni (13.30 Sub 21 y 15.30 Primera).<\/p>\n\n\n\n<p>Por la Zona B, <strong>San Mart\u00edn <\/strong>jugar\u00e1 frente a Sportivo Piazza (13.45 Sub 21 y 16.00 Primera), V\u00e9lez se enfrentar\u00e1 a Jorge Newbery en cancha de Piazza (14.00 Sub 21 y 16.00 Primera), Juventud recibir\u00e1 a <strong>Atl\u00e9tico Hinojo<\/strong> (13.00 Sub 21 y 15.00 Primera) y Barracas har\u00e1 lo propio ante <strong>Racing A. Club <\/strong>(13.00 Sub 21 y 15.00 Primera).<\/p>\n\n\n\n<p>En la Zona C, Lil\u00e1n ser\u00e1 local ante <strong>El Fort\u00edn<\/strong> (13.00 Sub 21 y 15.00 Primera), mientras que <strong>Ferro <\/strong>jugar\u00e1 contra Ingeniero (13.30 Sub 21 y 15.45 Primera).<\/p>\n\n\n\n<p>Finalmente, en la Zona D, el viernes Empleados se medir\u00e1 con <strong>Embajadores <\/strong>(15.00 Sub 21 y 17.00 Primera), y el domingo Racing de La Madrid enfrentar\u00e1 a <strong>Estudiantes<\/strong> (13.30 Sub 21 y 15.30 Primera), en tanto que <strong>Municipales <\/strong>jugar\u00e1 ante Platense (12.45 Sub 21 y 15.00 Primera).<\/p>\n\n\n\n<p>La jornada aparece como determinante, ya que el torneo se acerca al cierre de su primera etapa y comenzar\u00e1n a definirse los equipos que avanzar\u00e1n a la siguiente instancia.<\/p>\n","protected":false},"excerpt":{"rendered":"<p>Los encuentros suspendidos se disputar\u00e1n este fin de semana largo, con inicio en Bol\u00edvar. La jornada ser\u00e1 clave para empezar<\/p>\n","protected":false},"author":2,"featured_media":202083,"comment_status":"closed","ping_status":"closed","sticky":false,"template":"","format":"standard","meta":{"_jetpack_memberships_contains_paid_content":false,"footnotes":""},"categories":[29,35,1],"tags":[],"class_list":["post-202082","post","type-post","status-publish","format-standard","has-post-thumbnail","hentry","category-deportes","category-futbol","category-portada"],"jetpack_featured_media_url":"https:\/\/i0.wp.com\/cdnoticias.com\/wp-content\/uploads\/2026\/04\/interligas-fecha.jpg?fit=851%2C477&ssl=1","jetpack_sharing_enabled":true,"_links":{"self":[{"href":"https:\/\/cdnoticias.com\/index.php\/wp-json\/wp\/v2\/posts\/202082","targetHints":{"allow":["GET"]}}],"collection":[{"href":"https:\/\/cdnoticias.com\/index.php\/wp-json\/wp\/v2\/posts"}],"about":[{"href":"https:\/\/cdnoticias.com\/index.php\/wp-json\/wp\/v2\/types\/post"}],"author":[{"embeddable":true,"href":"https:\/\/cdnoticias.com\/index.php\/wp-json\/wp\/v2\/users\/2"}],"replies":[{"embeddable":true,"href":"https:\/\/cdnoticias.com\/index.php\/wp-json\/wp\/v2\/comments?post=202082"}],"version-history":[{"count":1,"href":"https:\/\/cdnoticias.com\/index.php\/wp-json\/wp\/v2\/posts\/202082\/revisions"}],"predecessor-version":[{"id":202084,"href":"https:\/\/cdnoticias.com\/index.php\/wp-json\/wp\/v2\/posts\/202082\/revisions\/202084"}],"wp:featuredmedia":[{"embeddable":true,"href":"https:\/\/cdnoticias.com\/index.php\/wp-json\/wp\/v2\/media\/202083"}],"wp:attachment":[{"href":"https:\/\/cdnoticias.com\/index.php\/wp-json\/wp\/v2\/media?parent=202082"}],"wp:term":[{"taxonomy":"category","embeddable":true,"href":"https:\/\/cdnoticias.com\/index.php\/wp-json\/wp\/v2\/categories?post=202082"},{"taxonomy":"post_tag","embeddable":true,"href":"https:\/\/cdnoticias.com\/index.php\/wp-json\/wp\/v2\/tags?post=202082"}],"curies":[{"name":"wp","href":"https:\/\/api.w.org\/{rel}","templated":true}]}}