{"id":20208,"date":"2021-04-29T15:46:38","date_gmt":"2021-04-29T18:46:38","guid":{"rendered":"http:\/\/www.centraldenoticias.com.ar\/?p=20208"},"modified":"2021-04-29T19:56:13","modified_gmt":"2021-04-29T22:56:13","slug":"zoilo-viscaino-q-e-p-d","status":"publish","type":"post","link":"https:\/\/cdnoticias.com\/index.php\/2021\/04\/29\/zoilo-viscaino-q-e-p-d\/","title":{"rendered":"Zoilo Viscaino (Q.E.P.D)"},"content":{"rendered":"<p>Falleci\u00f3 en Olavarr\u00eda el d\u00eda 29 de Abril de 2021 a los 90 a\u00f1os de edad.\u00a0Su esposa Anita Pacheco. Sus hijos Ana Maria y Mario Viscaino. Su hija pol\u00edtica Betty Castro. Sus nietos Rodrigo y Lilen Gomba; Martina, Ornella, Camila y Nazarena Viscaino. Sus hermanos Mabel, Tito, Pocho, Cacho, Lita,\u00a0Marga y Pelusa Viscaino. Sus hermanos pol\u00edticos. Sus sobrinos y dem\u00e1s deudos\u00a0participan su fallecimiento.<\/p>\n<p>&nbsp;<\/p>\n<p>Velatorio: Espa\u00f1a 2942 departamento &#8220;C&#8221;,\u00a0 jueves de 16:30 a 18:30. Responso:\u00a0Capilla Ardiente. Inhumaci\u00f3n. Cementerio a Confirmar, viernes 30 en horario a confirmar. Servicio adherido a Coopelectric.<\/p>\n<p>&nbsp;<\/p>\n<p>Barrio en el que viv\u00eda: Vecino de Barrio Mariano Moreno.<\/p>\n<p>&nbsp;<\/p>\n<p>Lugar de nacimiento: Nacido en Olavarr\u00eda.<\/p>\n<p>&nbsp;<\/p>\n<p>Actividad que desarrollaba: Jubilado.<\/p>\n","protected":false},"excerpt":{"rendered":"<p>Falleci\u00f3 en Olavarr\u00eda el d\u00eda 29 de Abril de 2021 a los 90 a\u00f1os de edad.\u00a0Su esposa Anita Pacheco. Sus<\/p>\n","protected":false},"author":6,"featured_media":0,"comment_status":"closed","ping_status":"closed","sticky":false,"template":"","format":"standard","meta":{"_jetpack_memberships_contains_paid_content":false,"footnotes":""},"categories":[10],"tags":[],"class_list":["post-20208","post","type-post","status-publish","format-standard","hentry","category-necrologicas"],"jetpack_featured_media_url":"","jetpack_sharing_enabled":true,"_links":{"self":[{"href":"https:\/\/cdnoticias.com\/index.php\/wp-json\/wp\/v2\/posts\/20208","targetHints":{"allow":["GET"]}}],"collection":[{"href":"https:\/\/cdnoticias.com\/index.php\/wp-json\/wp\/v2\/posts"}],"about":[{"href":"https:\/\/cdnoticias.com\/index.php\/wp-json\/wp\/v2\/types\/post"}],"author":[{"embeddable":true,"href":"https:\/\/cdnoticias.com\/index.php\/wp-json\/wp\/v2\/users\/6"}],"replies":[{"embeddable":true,"href":"https:\/\/cdnoticias.com\/index.php\/wp-json\/wp\/v2\/comments?post=20208"}],"version-history":[{"count":0,"href":"https:\/\/cdnoticias.com\/index.php\/wp-json\/wp\/v2\/posts\/20208\/revisions"}],"wp:attachment":[{"href":"https:\/\/cdnoticias.com\/index.php\/wp-json\/wp\/v2\/media?parent=20208"}],"wp:term":[{"taxonomy":"category","embeddable":true,"href":"https:\/\/cdnoticias.com\/index.php\/wp-json\/wp\/v2\/categories?post=20208"},{"taxonomy":"post_tag","embeddable":true,"href":"https:\/\/cdnoticias.com\/index.php\/wp-json\/wp\/v2\/tags?post=20208"}],"curies":[{"name":"wp","href":"https:\/\/api.w.org\/{rel}","templated":true}]}}