{"id":202075,"date":"2026-04-30T19:25:57","date_gmt":"2026-04-30T22:25:57","guid":{"rendered":"https:\/\/cdnoticias.com\/?p=202075"},"modified":"2026-04-30T19:25:59","modified_gmt":"2026-04-30T22:25:59","slug":"fuerte-cuestionamiento-de-trabajadores-municipales-al-gremio-tras-el-acuerdo-paritario","status":"publish","type":"post","link":"https:\/\/cdnoticias.com\/index.php\/2026\/04\/30\/fuerte-cuestionamiento-de-trabajadores-municipales-al-gremio-tras-el-acuerdo-paritario\/","title":{"rendered":"Fuerte cuestionamiento de trabajadores municipales al gremio tras el acuerdo paritario"},"content":{"rendered":"\n<p>Trabajadores expresaron su rechazo al aumento anunciado y cuestionaron el rol del sindicato. Hubo planteos de desafiliaci\u00f3n y reclamos al Ejecutivo.<\/p>\n\n\n\n<hr class=\"wp-block-separator aligncenter has-alpha-channel-opacity\"\/>\n\n\n\n<p><em>Con informaci\u00f3n de En L\u00ednea y Central de Noticias<\/em><\/p>\n\n\n\n<p>Fue una jornada de expresiones, tensi\u00f3n y complicaciones: <strong>trabajadores municipales increparon al titular del sindicato, Jos\u00e9 Stuppia, y cuestionaron el rol gremial en rechazo al reciente acuerdo paritario alcanzado con el Ejecutivo local.<\/strong><\/p>\n\n\n\n<p>El episodio se produjo en <strong>medio del malestar generado por el aumento salarial anunciado en los \u00faltimos d\u00edas, que distintos sectores consideran insuficiente frente al avance de la inflaci\u00f3n y la p\u00e9rdida del poder adquisitivo.<\/strong><\/p>\n\n\n\n<p>Seg\u00fan el relato que reconstruy\u00f3 <strong>En L\u00ednea Noticias<\/strong> en las \u00faltimas horas, el hecho sucedi\u00f3 en las oficinas del Juzgado de Faltas. Durante el intercambio entre trabajadores y autoridades del STMO, los empleados cuestionaron con dureza la postura del gremio y reclamaron medidas m\u00e1s firmes<strong>. En ese contexto, uno de los presentes lanz\u00f3: \u201cHaceme paro a Wesner como le hac\u00e9s a Milei\u201d, en alusi\u00f3n a las protestas impulsadas a nivel nacional.<\/strong><\/p>\n\n\n\n<p>En medio de la discusi\u00f3n, <strong>Stuppia advirti\u00f3 sobre la delicada situaci\u00f3n econ\u00f3mica y puso en duda incluso el pago del aguinaldo<\/strong>: \u201cNo hay un peso en la calle\u201d, afirm\u00f3, lo que gener\u00f3 mayor malestar entre los trabajadores.<\/p>\n\n\n\n<p>Los reclamos incluyeron <strong>cuestionamientos a los salarios, bonificaciones y \u201csobresueldos\u201d que, seg\u00fan se\u00f1alaron, resultan inequitativos dentro de la estructura municipal. Tambi\u00e9n se plante\u00f3 la posibilidad de impulsar una desafiliaci\u00f3n masiva del sindicato como forma de protesta.<\/strong><\/p>\n\n\n\n<p>El conflicto no solo apunt\u00f3 a la conducci\u00f3n gremial, <strong>sino tambi\u00e9n al gobierno municipal.<\/strong><\/p>\n\n\n\n<p>El episodio refleja el clima de<strong> creciente tensi\u00f3n en el \u00e1mbito municipal<\/strong>, en un contexto econ\u00f3mico complejo que atraviesa a distintos sectores del empleo p\u00fablico.<\/p>\n","protected":false},"excerpt":{"rendered":"<p>Trabajadores expresaron su rechazo al aumento anunciado y cuestionaron el rol del sindicato. Hubo planteos de desafiliaci\u00f3n y reclamos al<\/p>\n","protected":false},"author":2,"featured_media":202076,"comment_status":"closed","ping_status":"closed","sticky":false,"template":"","format":"standard","meta":{"_jetpack_memberships_contains_paid_content":false,"footnotes":""},"categories":[7,4],"tags":[],"class_list":["post-202075","post","type-post","status-publish","format-standard","has-post-thumbnail","hentry","category-central","category-politica"],"jetpack_featured_media_url":"https:\/\/i0.wp.com\/cdnoticias.com\/wp-content\/uploads\/2026\/04\/stmo-protesta1.jpg?fit=800%2C445&ssl=1","jetpack_sharing_enabled":true,"_links":{"self":[{"href":"https:\/\/cdnoticias.com\/index.php\/wp-json\/wp\/v2\/posts\/202075","targetHints":{"allow":["GET"]}}],"collection":[{"href":"https:\/\/cdnoticias.com\/index.php\/wp-json\/wp\/v2\/posts"}],"about":[{"href":"https:\/\/cdnoticias.com\/index.php\/wp-json\/wp\/v2\/types\/post"}],"author":[{"embeddable":true,"href":"https:\/\/cdnoticias.com\/index.php\/wp-json\/wp\/v2\/users\/2"}],"replies":[{"embeddable":true,"href":"https:\/\/cdnoticias.com\/index.php\/wp-json\/wp\/v2\/comments?post=202075"}],"version-history":[{"count":1,"href":"https:\/\/cdnoticias.com\/index.php\/wp-json\/wp\/v2\/posts\/202075\/revisions"}],"predecessor-version":[{"id":202077,"href":"https:\/\/cdnoticias.com\/index.php\/wp-json\/wp\/v2\/posts\/202075\/revisions\/202077"}],"wp:featuredmedia":[{"embeddable":true,"href":"https:\/\/cdnoticias.com\/index.php\/wp-json\/wp\/v2\/media\/202076"}],"wp:attachment":[{"href":"https:\/\/cdnoticias.com\/index.php\/wp-json\/wp\/v2\/media?parent=202075"}],"wp:term":[{"taxonomy":"category","embeddable":true,"href":"https:\/\/cdnoticias.com\/index.php\/wp-json\/wp\/v2\/categories?post=202075"},{"taxonomy":"post_tag","embeddable":true,"href":"https:\/\/cdnoticias.com\/index.php\/wp-json\/wp\/v2\/tags?post=202075"}],"curies":[{"name":"wp","href":"https:\/\/api.w.org\/{rel}","templated":true}]}}