{"id":202051,"date":"2026-05-01T20:00:21","date_gmt":"2026-05-01T23:00:21","guid":{"rendered":"https:\/\/cdnoticias.com\/?p=202051"},"modified":"2026-05-01T20:00:23","modified_gmt":"2026-05-01T23:00:23","slug":"wesner-entrego-equipamiento-a-92-instituciones-educativas-con-una-inversion-de-83-millones-de-pesos","status":"publish","type":"post","link":"https:\/\/cdnoticias.com\/index.php\/2026\/05\/01\/wesner-entrego-equipamiento-a-92-instituciones-educativas-con-una-inversion-de-83-millones-de-pesos\/","title":{"rendered":"Wesner entreg\u00f3 equipamiento a 92 instituciones educativas con una inversi\u00f3n de 83 millones de pesos"},"content":{"rendered":"\n<p>\u201cNo se puede pensar, no se puede aprender, no se puede compartir si la panza no est\u00e1 llena\u201d expres\u00f3 el Intendente. Entre los equipamientos, se entregaron heladeras, cocinas, freezers, batidoras, licuadoras, procesadoras e incluso utensilios. Se destac\u00f3 que las compras fueron realizadas a productores locales. <\/p>\n\n\n\n<hr class=\"wp-block-separator aligncenter has-alpha-channel-opacity\"\/>\n\n\n\n<p>En la ma\u00f1ana de este jueves<strong> instituciones educativas locales recibieron importantes y variados equipamientos <\/strong>que ser\u00e1n<strong> destinados para fortalecer el servicio alimentario que brindan a chicos y chicas <\/strong>de distintos puntos del Partido. Fue en el marco de un acto que se desarroll\u00f3 en el Centro de Convenciones Municipal, encabezado por el <strong>intendente Maximiliano Wesner <\/strong>y el Director Provincial de Servicio Alimentario Escolar<strong> Juan Pablo Sorrentino.\u00a0<\/strong><\/p>\n\n\n\n<p><\/p>\n\n\n\n<p>Estuvieron presentes adem\u00e1s <strong>funcionarios provinciales, municipales, autoridades educativas y personal docente y directivo de numerosas instituciones.<\/strong> La actividad se inici\u00f3 minutos despu\u00e9s de las 9, ante un gran marco de concurrentes y un espacio municipal preparado especialmente para la ocasi\u00f3n. Tal es as\u00ed que en toda la extensi\u00f3n de la sala pudieron verse <strong>heladeras, cocinas, freezers, batidoras, licuadoras, procesadoras e incluso utensilios.<\/strong><\/p>\n\n\n\n<p><\/p>\n\n\n\n<blockquote class=\"wp-block-quote is-layout-flow wp-block-quote-is-layout-flow\">\n<p>\u201cEs la entrega m\u00e1s grande que tuvimos en la provincia\u201d, enfatiz\u00f3 Sorrentino al dar las palabras de bienvenida y agradecimiento a la concurrencia. Detall\u00f3 que se trat\u00f3 de una inversi\u00f3n cercana a los 83 millones de pesos y destac\u00f3 que \u201csi bien no es una exigencia, pero as\u00ed lo eligi\u00f3 el Consejo Escolar de Olavarr\u00eda, se le compr\u00f3 todo a productores locales. Eso es muy importante en un contexto recesivo a nivel econ\u00f3mico, porque se dinamiza el comercio local de la ciudad de Olavarr\u00eda. Eso es algo a destacar. Los cofias y delantales los hizo una cooperativa tambi\u00e9n de ac\u00e1 de Olavarr\u00eda\u201d.<\/p>\n<\/blockquote>\n\n\n\n<p><\/p>\n\n\n\n<p><em>\u201cEl trabajo que hacen desde el Consejo en articulaci\u00f3n con el Municipio, eso tambi\u00e9n hay que destacarlo. En cuestiones formales el Municipio podr\u00eda no involucrarse en el Servicio Alimentario Escolar, pero es un plus que el Municipio de Olavarr\u00eda se involucre y lo agradezco personalmente. Es un orgullo y tambi\u00e9n un profundo agradecimiento a quienes lo hacen posible\u201d,<\/em> concluy\u00f3.<\/p>\n\n\n\n<p><\/p>\n\n\n\n<figure class=\"wp-block-image aligncenter size-full\"><img data-recalc-dims=\"1\" loading=\"lazy\" decoding=\"async\" width=\"800\" height=\"532\" src=\"https:\/\/i0.wp.com\/cdnoticias.com\/wp-content\/uploads\/2026\/04\/entregaequipamiento-escuelas2.jpg?resize=800%2C532&#038;ssl=1\" alt=\"\" class=\"wp-image-202056\" srcset=\"https:\/\/i0.wp.com\/cdnoticias.com\/wp-content\/uploads\/2026\/04\/entregaequipamiento-escuelas2.jpg?w=882&amp;ssl=1 882w, https:\/\/i0.wp.com\/cdnoticias.com\/wp-content\/uploads\/2026\/04\/entregaequipamiento-escuelas2.jpg?resize=300%2C200&amp;ssl=1 300w, https:\/\/i0.wp.com\/cdnoticias.com\/wp-content\/uploads\/2026\/04\/entregaequipamiento-escuelas2.jpg?resize=768%2C511&amp;ssl=1 768w, https:\/\/i0.wp.com\/cdnoticias.com\/wp-content\/uploads\/2026\/04\/entregaequipamiento-escuelas2.jpg?resize=272%2C182&amp;ssl=1 272w\" sizes=\"auto, (max-width: 800px) 100vw, 800px\" \/><\/figure>\n\n\n\n<p><\/p>\n\n\n\n<p>El <strong>intendente Wesner,<\/strong> por su parte, ponder\u00f3 que \u201c<strong>son 16 mil art\u00edculos, 83 millones de pesos, 92 instituciones educativas de nuestro partido que van a ser beneficiarias. Esto es ni m\u00e1s ni menos que un instrumento, un puente para contribuir en el desarrollo, en el crecimiento, en la calidad educativa, para que nuestros pibes puedan merendar y desayunar de manera conjunta todos los d\u00edas en el \u00e1mbito educativo\u201d.<\/strong><\/p>\n\n\n\n<p><\/p>\n\n\n\n<blockquote class=\"wp-block-quote is-layout-flow wp-block-quote-is-layout-flow\">\n<p>\u201cNo se puede pensar, no se puede aprender, no se puede compartir si la panza no est\u00e1 llena. No se puede razonar, no se pueden expresar los pibes si no comen. Y para eso estamos nosotros. Para, a pesar de este contexto hostil, inhumano, un contexto que nos invita todos los d\u00edas a la fragmentaci\u00f3n, este esfuerzo va a contramano de ellos. Agradezco infinitamente a quienes lo hacen posible, para poder llegar a cada instituci\u00f3n, a cada comedor, a cada cocina\u201d, concluy\u00f3 Wesner, poniendo en valor la articulaci\u00f3n el di\u00e1logo permanente con el Gobierno de la Provincia de Buenos Aires y las autoridades educativas de Olavarr\u00eda y la regi\u00f3n.<\/p>\n<\/blockquote>\n\n\n\n<p><\/p>\n\n\n\n<p>La entrega <strong>alcanz\u00f3 a 92 instituciones de Olavarr\u00eda, <\/strong>entre las que se encuentran <strong>Jardines de Infantes, Escuelas Primarias y Secundarias, Escuelas de Modalidad Especial y Centros Complementarios Educativos.\u00a0\u00a0<\/strong><\/p>\n\n\n\n<p><\/p>\n\n\n\n<figure class=\"wp-block-image aligncenter size-full\"><img data-recalc-dims=\"1\" loading=\"lazy\" decoding=\"async\" width=\"800\" height=\"506\" src=\"https:\/\/i0.wp.com\/cdnoticias.com\/wp-content\/uploads\/2026\/04\/entregaequipamiento-escuelas3.jpg?resize=800%2C506&#038;ssl=1\" alt=\"\" class=\"wp-image-202055\" srcset=\"https:\/\/i0.wp.com\/cdnoticias.com\/wp-content\/uploads\/2026\/04\/entregaequipamiento-escuelas3.jpg?w=883&amp;ssl=1 883w, https:\/\/i0.wp.com\/cdnoticias.com\/wp-content\/uploads\/2026\/04\/entregaequipamiento-escuelas3.jpg?resize=300%2C190&amp;ssl=1 300w, https:\/\/i0.wp.com\/cdnoticias.com\/wp-content\/uploads\/2026\/04\/entregaequipamiento-escuelas3.jpg?resize=768%2C485&amp;ssl=1 768w\" sizes=\"auto, (max-width: 800px) 100vw, 800px\" \/><\/figure>\n\n\n\n<p><\/p>\n\n\n\n<blockquote class=\"wp-block-quote is-layout-flow wp-block-quote-is-layout-flow\">\n<p>Se trat\u00f3 de cocinas de 6 hornallas, semi industriales y familiares; hornos pizzeros y termotanques, Heladeras con freezer y freezers, batidoras planetarias, licuadoras, procesadoras y minipimers. A la par, tambi\u00e9n se hizo entrega de Mesadas de acero inoxidable para garantizar la higiene, bater\u00edas de cocina, utensilios, vajilla para comedor, pl\u00e1sticos gastron\u00f3micos e indumentaria de trabajo (cofias y delantales).<\/p>\n<\/blockquote>\n\n\n\n<p><\/p>\n\n\n\n<p>Vale destacar que en la ocasi\u00f3n se hizo entrega de la certificaci\u00f3n correspondiente a quienes realizaron el Curso de Gesti\u00f3n y Abordaje Integral del SAE. El acto cont\u00f3 con la presencia adem\u00e1s de la Secretar\u00eda de Desarrollo de la Comunidad Mar\u00eda Laura Gamberini, el Secretario de Desarrollo Econ\u00f3mico y Productivo Pablo Di Uono, la Presidenta del Consejo Escolar de Olavarr\u00eda Florencia Cervino, la Jefa regional de educaci\u00f3n Marta Casanella, la Jefa regional de DIEGEP Romina Altafini, el Jefe distrital de educaci\u00f3n Julio Ben\u00edtez, la Nutricionista regional del Ministerio de Desarrollo de la Comunidad Elena Taminelli. Tambi\u00e9n estuvo presente la senadora provincia Evelyn D\u00edaz, adem\u00e1s de sindicatos, organizaciones sociales y la comunidad educativa toda.<\/p>\n\n\n\n<p><\/p>\n\n\n\n<figure class=\"wp-block-image aligncenter size-full\"><img data-recalc-dims=\"1\" loading=\"lazy\" decoding=\"async\" width=\"800\" height=\"504\" src=\"https:\/\/i0.wp.com\/cdnoticias.com\/wp-content\/uploads\/2026\/04\/entregaequipamiento-escuelas4.jpg?resize=800%2C504&#038;ssl=1\" alt=\"\" class=\"wp-image-202054\" srcset=\"https:\/\/i0.wp.com\/cdnoticias.com\/wp-content\/uploads\/2026\/04\/entregaequipamiento-escuelas4.jpg?w=864&amp;ssl=1 864w, https:\/\/i0.wp.com\/cdnoticias.com\/wp-content\/uploads\/2026\/04\/entregaequipamiento-escuelas4.jpg?resize=300%2C189&amp;ssl=1 300w, https:\/\/i0.wp.com\/cdnoticias.com\/wp-content\/uploads\/2026\/04\/entregaequipamiento-escuelas4.jpg?resize=768%2C484&amp;ssl=1 768w\" sizes=\"auto, (max-width: 800px) 100vw, 800px\" \/><\/figure>\n\n\n\n<p><\/p>\n","protected":false},"excerpt":{"rendered":"<p>\u201cNo se puede pensar, no se puede aprender, no se puede compartir si la panza no est\u00e1 llena\u201d expres\u00f3 el<\/p>\n","protected":false},"author":6,"featured_media":202057,"comment_status":"closed","ping_status":"closed","sticky":false,"template":"","format":"standard","meta":{"_jetpack_memberships_contains_paid_content":false,"footnotes":""},"categories":[5,7],"tags":[],"class_list":["post-202051","post","type-post","status-publish","format-standard","has-post-thumbnail","hentry","category-informacion-general","category-central"],"jetpack_featured_media_url":"https:\/\/i0.wp.com\/cdnoticias.com\/wp-content\/uploads\/2026\/04\/entregaequipamiento-escuelas1.jpg?fit=900%2C600&ssl=1","jetpack_sharing_enabled":true,"_links":{"self":[{"href":"https:\/\/cdnoticias.com\/index.php\/wp-json\/wp\/v2\/posts\/202051","targetHints":{"allow":["GET"]}}],"collection":[{"href":"https:\/\/cdnoticias.com\/index.php\/wp-json\/wp\/v2\/posts"}],"about":[{"href":"https:\/\/cdnoticias.com\/index.php\/wp-json\/wp\/v2\/types\/post"}],"author":[{"embeddable":true,"href":"https:\/\/cdnoticias.com\/index.php\/wp-json\/wp\/v2\/users\/6"}],"replies":[{"embeddable":true,"href":"https:\/\/cdnoticias.com\/index.php\/wp-json\/wp\/v2\/comments?post=202051"}],"version-history":[{"count":1,"href":"https:\/\/cdnoticias.com\/index.php\/wp-json\/wp\/v2\/posts\/202051\/revisions"}],"predecessor-version":[{"id":202152,"href":"https:\/\/cdnoticias.com\/index.php\/wp-json\/wp\/v2\/posts\/202051\/revisions\/202152"}],"wp:featuredmedia":[{"embeddable":true,"href":"https:\/\/cdnoticias.com\/index.php\/wp-json\/wp\/v2\/media\/202057"}],"wp:attachment":[{"href":"https:\/\/cdnoticias.com\/index.php\/wp-json\/wp\/v2\/media?parent=202051"}],"wp:term":[{"taxonomy":"category","embeddable":true,"href":"https:\/\/cdnoticias.com\/index.php\/wp-json\/wp\/v2\/categories?post=202051"},{"taxonomy":"post_tag","embeddable":true,"href":"https:\/\/cdnoticias.com\/index.php\/wp-json\/wp\/v2\/tags?post=202051"}],"curies":[{"name":"wp","href":"https:\/\/api.w.org\/{rel}","templated":true}]}}