{"id":202041,"date":"2026-05-01T08:57:36","date_gmt":"2026-05-01T11:57:36","guid":{"rendered":"https:\/\/cdnoticias.com\/?p=202041"},"modified":"2026-05-01T09:56:48","modified_gmt":"2026-05-01T12:56:48","slug":"colegios-privados-autorizan-aumentos-de-hasta-el-35-para-mayo","status":"publish","type":"post","link":"https:\/\/cdnoticias.com\/index.php\/2026\/05\/01\/colegios-privados-autorizan-aumentos-de-hasta-el-35-para-mayo\/","title":{"rendered":"Colegios privados: autorizan aumentos de hasta el 3,5% para mayo"},"content":{"rendered":"\n<p>Seg\u00fan el nuevo cuadro, en Provincia una escuela primaria con 100% de subvenci\u00f3n puede cobrar hasta $ 34.030, y aquella con el 40%, hasta $ 153.860.<\/p>\n\n\n\n<hr class=\"wp-block-separator aligncenter has-alpha-channel-opacity\"\/>\n\n\n\n<p>Este jueves, se dio a conocer un <strong>nuevo cuadro tarifario para los colegios privados de la provincia de Buenos Aires<\/strong> que<strong> regir\u00e1 a partir de este quinto mes del a\u00f1o en los establecimientos que reciben aportes estatales.<\/strong><\/p>\n\n\n\n<p><\/p>\n\n\n\n<p>Seg\u00fan inform\u00f3 la <strong>Asociaci\u00f3n de Institutos de Ense\u00f1anza Privada de Argentina <\/strong>(Aiepa), la entidad que agrupa a los institutos de todo el pa\u00eds, <strong>en Provincia el incremento avalado por la Direcci\u00f3n General de Cultura y Educaci\u00f3n es del 3,5% a aplicar a partir del mes que comienza este viernes 1 de mayo. <\/strong><\/p>\n\n\n\n<p><\/p>\n\n\n\n<blockquote class=\"wp-block-quote is-layout-flow wp-block-quote-is-layout-flow\">\n<p>Seg\u00fan el nuevo cuadro, una escuela primaria con 100% de subvenci\u00f3n puede cobrar hasta $34.030, y aquella con el 40%, hasta $153.860. Y para los secundarios, quedaron habilitados para cobrar hasta $37.520 si reciben 100% de subvenci\u00f3n, y hasta $199.920 si percibe el 40%.<\/p>\n<\/blockquote>\n\n\n\n<p><\/p>\n\n\n\n<p>Sobre el nuevo esquema de costo de las matr\u00edculas que cobran los institutos, Aiepa consign\u00f3 que <em>\u201ca efectos de propiciar el cumplimiento de la normativa vigente y claridad para los alumnos y\/o responsables de los alumnos menores de edad, se recuerda la obligatoriedad de consignar en forma clara, legible y de f\u00e1cil identificaci\u00f3n el porcentaje de aporte estatal en el recibo\/factura de cobro de cada servicio educativo con aporte estatal, de conformidad a lo establecido en la Resoluci\u00f3n N\u00b0 34\/17\u201d.<\/em><\/p>\n\n\n\n<p><\/p>\n\n\n\n<p>El secretario ejecutivo de Aiepa<strong>, Mart\u00edn Zurita, <\/strong>explic\u00f3 que \u201c<strong>con los ajustes autorizados se intenta afrontar los costos cada vez mayores del funcionamiento de los establecimientos. Estos a\u00f1os hemos tenido incrementos -incluso- en tasas municipales que impactan fuertemente sobre la actividad\u201d.<\/strong><\/p>\n\n\n\n<p><\/p>\n\n\n\n<blockquote class=\"wp-block-quote is-layout-flow wp-block-quote-is-layout-flow\">\n<p>Y agreg\u00f3: \u201cCon los sueldos que se pagan en mayo se termina de cubrir el aumento paritario acordado a principios de a\u00f1o, que otorg\u00f3 a los docentes un aumento del 17,6% desde diciembre de 2025.\u00a0<\/p>\n<\/blockquote>\n\n\n\n<p><\/p>\n\n\n\n<p>Sin embargo, el traslado a los aranceles solo fue reconocido parcialmente en un 13,5%. Esto implica un desfinanciamiento del sector, que se suma a la no autorizaci\u00f3n del cobro de los aranceles retroactivos por los sueldos abonados. Estos retroactivos se estiman en casi un 30% del arancel\u201d.<\/p>\n\n\n\n<p><\/p>\n\n\n\n<p><em>Fuente: Agencia DIB<\/em><\/p>\n","protected":false},"excerpt":{"rendered":"<p>Seg\u00fan el nuevo cuadro, en Provincia una escuela primaria con 100% de subvenci\u00f3n puede cobrar hasta $ 34.030, y aquella<\/p>\n","protected":false},"author":6,"featured_media":121732,"comment_status":"closed","ping_status":"closed","sticky":false,"template":"","format":"standard","meta":{"_jetpack_memberships_contains_paid_content":false,"footnotes":""},"categories":[6,1],"tags":[],"class_list":["post-202041","post","type-post","status-publish","format-standard","has-post-thumbnail","hentry","category-nacionales","category-portada"],"jetpack_featured_media_url":"https:\/\/i0.wp.com\/cdnoticias.com\/wp-content\/uploads\/2024\/07\/colegios-privados.jpg?fit=696%2C382&ssl=1","jetpack_sharing_enabled":true,"_links":{"self":[{"href":"https:\/\/cdnoticias.com\/index.php\/wp-json\/wp\/v2\/posts\/202041","targetHints":{"allow":["GET"]}}],"collection":[{"href":"https:\/\/cdnoticias.com\/index.php\/wp-json\/wp\/v2\/posts"}],"about":[{"href":"https:\/\/cdnoticias.com\/index.php\/wp-json\/wp\/v2\/types\/post"}],"author":[{"embeddable":true,"href":"https:\/\/cdnoticias.com\/index.php\/wp-json\/wp\/v2\/users\/6"}],"replies":[{"embeddable":true,"href":"https:\/\/cdnoticias.com\/index.php\/wp-json\/wp\/v2\/comments?post=202041"}],"version-history":[{"count":1,"href":"https:\/\/cdnoticias.com\/index.php\/wp-json\/wp\/v2\/posts\/202041\/revisions"}],"predecessor-version":[{"id":202086,"href":"https:\/\/cdnoticias.com\/index.php\/wp-json\/wp\/v2\/posts\/202041\/revisions\/202086"}],"wp:featuredmedia":[{"embeddable":true,"href":"https:\/\/cdnoticias.com\/index.php\/wp-json\/wp\/v2\/media\/121732"}],"wp:attachment":[{"href":"https:\/\/cdnoticias.com\/index.php\/wp-json\/wp\/v2\/media?parent=202041"}],"wp:term":[{"taxonomy":"category","embeddable":true,"href":"https:\/\/cdnoticias.com\/index.php\/wp-json\/wp\/v2\/categories?post=202041"},{"taxonomy":"post_tag","embeddable":true,"href":"https:\/\/cdnoticias.com\/index.php\/wp-json\/wp\/v2\/tags?post=202041"}],"curies":[{"name":"wp","href":"https:\/\/api.w.org\/{rel}","templated":true}]}}