{"id":202035,"date":"2026-04-30T20:19:53","date_gmt":"2026-04-30T23:19:53","guid":{"rendered":"https:\/\/cdnoticias.com\/?p=202035"},"modified":"2026-04-30T20:19:55","modified_gmt":"2026-04-30T23:19:55","slug":"giro-este-viernes-no-habra-recoleccion-diferenciada-por-el-dia-del-trabajador","status":"publish","type":"post","link":"https:\/\/cdnoticias.com\/index.php\/2026\/04\/30\/giro-este-viernes-no-habra-recoleccion-diferenciada-por-el-dia-del-trabajador\/","title":{"rendered":"GIRO: Este viernes no habr\u00e1 recolecci\u00f3n diferenciada por el D\u00eda del Trabajador\u00a0"},"content":{"rendered":"\n<p>Desde el \u00e1rea se detall\u00f3 que por la medida no contar\u00e1 con el servicio la ruta Celeste (barrios Villa Aurora, Villa Magdalena y Villa Mail\u00edn), y la ruta Gris, que abarca el sector del Cementerio Municipal y Barrio Pueblo Nuevo.<\/p>\n\n\n\n<hr class=\"wp-block-separator aligncenter has-alpha-channel-opacity\"\/>\n\n\n\n<p>Este<strong> viernes 1\u00b0 de mayo no se brindar\u00e1 el servicio de recolecci\u00f3n de residuos reciclables,<\/strong> en el marco del Programa de Gesti\u00f3n Integral de Residuos de Olavarr\u00eda, con <strong>motivo de la conmemoraci\u00f3n del D\u00eda Internacional de las y los Trabajadores.<\/strong><\/p>\n\n\n\n<blockquote class=\"wp-block-quote is-layout-flow wp-block-quote-is-layout-flow\">\n<p>Desde el \u00e1rea se detall\u00f3 que por la medida no contar\u00e1 con el servicio la ruta Celeste (barrios Villa Aurora, Villa Magdalena y Villa Mail\u00edn), y la ruta Gris, que abarca el sector del Cementerio Municipal y Barrio Pueblo Nuevo.<\/p>\n<\/blockquote>\n\n\n\n<p><\/p>\n\n\n\n<p>Se solicita a la comunidad comprendida en estas rutas,<strong> evitar sacar los residuos reciclables en los d\u00edas citados<\/strong>, para contribuir con el normal funcionamiento del servicio de recolecci\u00f3n diferenciada. <\/p>\n\n\n\n<p><\/p>\n","protected":false},"excerpt":{"rendered":"<p>Desde el \u00e1rea se detall\u00f3 que por la medida no contar\u00e1 con el servicio la ruta Celeste (barrios Villa Aurora,<\/p>\n","protected":false},"author":6,"featured_media":84163,"comment_status":"closed","ping_status":"closed","sticky":false,"template":"","format":"standard","meta":{"_jetpack_memberships_contains_paid_content":false,"footnotes":""},"categories":[5,1],"tags":[],"class_list":["post-202035","post","type-post","status-publish","format-standard","has-post-thumbnail","hentry","category-informacion-general","category-portada"],"jetpack_featured_media_url":"https:\/\/i0.wp.com\/cdnoticias.com\/wp-content\/uploads\/2023\/05\/camion-giro-0.jpg?fit=800%2C445&ssl=1","jetpack_sharing_enabled":true,"_links":{"self":[{"href":"https:\/\/cdnoticias.com\/index.php\/wp-json\/wp\/v2\/posts\/202035","targetHints":{"allow":["GET"]}}],"collection":[{"href":"https:\/\/cdnoticias.com\/index.php\/wp-json\/wp\/v2\/posts"}],"about":[{"href":"https:\/\/cdnoticias.com\/index.php\/wp-json\/wp\/v2\/types\/post"}],"author":[{"embeddable":true,"href":"https:\/\/cdnoticias.com\/index.php\/wp-json\/wp\/v2\/users\/6"}],"replies":[{"embeddable":true,"href":"https:\/\/cdnoticias.com\/index.php\/wp-json\/wp\/v2\/comments?post=202035"}],"version-history":[{"count":1,"href":"https:\/\/cdnoticias.com\/index.php\/wp-json\/wp\/v2\/posts\/202035\/revisions"}],"predecessor-version":[{"id":202073,"href":"https:\/\/cdnoticias.com\/index.php\/wp-json\/wp\/v2\/posts\/202035\/revisions\/202073"}],"wp:featuredmedia":[{"embeddable":true,"href":"https:\/\/cdnoticias.com\/index.php\/wp-json\/wp\/v2\/media\/84163"}],"wp:attachment":[{"href":"https:\/\/cdnoticias.com\/index.php\/wp-json\/wp\/v2\/media?parent=202035"}],"wp:term":[{"taxonomy":"category","embeddable":true,"href":"https:\/\/cdnoticias.com\/index.php\/wp-json\/wp\/v2\/categories?post=202035"},{"taxonomy":"post_tag","embeddable":true,"href":"https:\/\/cdnoticias.com\/index.php\/wp-json\/wp\/v2\/tags?post=202035"}],"curies":[{"name":"wp","href":"https:\/\/api.w.org\/{rel}","templated":true}]}}