{"id":202033,"date":"2026-04-30T18:50:04","date_gmt":"2026-04-30T21:50:04","guid":{"rendered":"https:\/\/cdnoticias.com\/?p=202033"},"modified":"2026-04-30T18:50:08","modified_gmt":"2026-04-30T21:50:08","slug":"el-centro-cultural-municipal-san-jose-modifica-su-horario","status":"publish","type":"post","link":"https:\/\/cdnoticias.com\/index.php\/2026\/04\/30\/el-centro-cultural-municipal-san-jose-modifica-su-horario\/","title":{"rendered":"El Centro Cultural Municipal \u201cSan Jos\u00e9\u201d modifica su horario\u00a0"},"content":{"rendered":"\n<p>La medida ser\u00e1 a partir del 1 de mayo. Conoc\u00e9 los nuevos horarios para visitarlo.&nbsp;<\/p>\n\n\n\n<hr class=\"wp-block-separator aligncenter has-alpha-channel-opacity\"\/>\n\n\n\n<p>La Subsecretar\u00eda de Cultura inform\u00f3 que<strong> desde el mes de mayo, el Centro Cultural Municipal \u201cSan Jos\u00e9\u201d modifica el horario del fin de semana.<\/strong><\/p>\n\n\n\n<p><\/p>\n\n\n\n<p><strong>A partir del mes entrante, el espacio abrir\u00e1 sus puertas en funci\u00f3n del siguiente cronograma:<\/strong><\/p>\n\n\n\n<ul class=\"wp-block-list\">\n<li>Martes a viernes de 8:00 a 18:00 horas.<\/li>\n<\/ul>\n\n\n\n<ul class=\"wp-block-list\">\n<li>S\u00e1bados, domingos y feriados de 15:00 a 18:00 horas.<\/li>\n<\/ul>\n\n\n\n<p><\/p>\n","protected":false},"excerpt":{"rendered":"<p>La medida ser\u00e1 a partir del 1 de mayo. Conoc\u00e9 los nuevos horarios para visitarlo.&nbsp; La Subsecretar\u00eda de Cultura inform\u00f3<\/p>\n","protected":false},"author":6,"featured_media":176746,"comment_status":"closed","ping_status":"closed","sticky":false,"template":"","format":"standard","meta":{"_jetpack_memberships_contains_paid_content":false,"footnotes":""},"categories":[9,1],"tags":[],"class_list":["post-202033","post","type-post","status-publish","format-standard","has-post-thumbnail","hentry","category-cultura","category-portada"],"jetpack_featured_media_url":"https:\/\/i0.wp.com\/cdnoticias.com\/wp-content\/uploads\/2025\/07\/centro-cultural-municipal-san-jose-2.jpeg?fit=1000%2C556&ssl=1","jetpack_sharing_enabled":true,"_links":{"self":[{"href":"https:\/\/cdnoticias.com\/index.php\/wp-json\/wp\/v2\/posts\/202033","targetHints":{"allow":["GET"]}}],"collection":[{"href":"https:\/\/cdnoticias.com\/index.php\/wp-json\/wp\/v2\/posts"}],"about":[{"href":"https:\/\/cdnoticias.com\/index.php\/wp-json\/wp\/v2\/types\/post"}],"author":[{"embeddable":true,"href":"https:\/\/cdnoticias.com\/index.php\/wp-json\/wp\/v2\/users\/6"}],"replies":[{"embeddable":true,"href":"https:\/\/cdnoticias.com\/index.php\/wp-json\/wp\/v2\/comments?post=202033"}],"version-history":[{"count":1,"href":"https:\/\/cdnoticias.com\/index.php\/wp-json\/wp\/v2\/posts\/202033\/revisions"}],"predecessor-version":[{"id":202072,"href":"https:\/\/cdnoticias.com\/index.php\/wp-json\/wp\/v2\/posts\/202033\/revisions\/202072"}],"wp:featuredmedia":[{"embeddable":true,"href":"https:\/\/cdnoticias.com\/index.php\/wp-json\/wp\/v2\/media\/176746"}],"wp:attachment":[{"href":"https:\/\/cdnoticias.com\/index.php\/wp-json\/wp\/v2\/media?parent=202033"}],"wp:term":[{"taxonomy":"category","embeddable":true,"href":"https:\/\/cdnoticias.com\/index.php\/wp-json\/wp\/v2\/categories?post=202033"},{"taxonomy":"post_tag","embeddable":true,"href":"https:\/\/cdnoticias.com\/index.php\/wp-json\/wp\/v2\/tags?post=202033"}],"curies":[{"name":"wp","href":"https:\/\/api.w.org\/{rel}","templated":true}]}}