{"id":202030,"date":"2026-04-30T18:00:05","date_gmt":"2026-04-30T21:00:05","guid":{"rendered":"https:\/\/cdnoticias.com\/?p=202030"},"modified":"2026-04-30T18:00:07","modified_gmt":"2026-04-30T21:00:07","slug":"este-viernes-feria-artesanal-en-la-plaza-central","status":"publish","type":"post","link":"https:\/\/cdnoticias.com\/index.php\/2026\/04\/30\/este-viernes-feria-artesanal-en-la-plaza-central\/","title":{"rendered":"Este viernes, feria Artesanal en la Plaza Central"},"content":{"rendered":"\n<p>La actividad se desarrollar\u00e1 desde este viernes 1\u00ba al domingo 3 de mayo, sobre Rivadavia y San Mart\u00edn. Los puestos se habilitar\u00e1n a partir de las 10 horas en el con una gran variedad de producciones locales.<\/p>\n\n\n\n<hr class=\"wp-block-separator aligncenter has-alpha-channel-opacity\"\/>\n\n\n\n<p>En el marco del <strong>D\u00eda Internacional del Trabajador<\/strong>, se llevar\u00e1 a cabo una nueva edici\u00f3n de la \u201c<strong>Feria Artesanal Olavarr\u00eda<\/strong>\u201d en el <strong>Paseo de los Artesanos<\/strong>, que se encuentra instalado en la <strong>Plaza Central \u201cCoronel Olavarr\u00eda\u201d<\/strong>.<\/p>\n\n\n\n<p><\/p>\n\n\n\n<blockquote class=\"wp-block-quote is-layout-flow wp-block-quote-is-layout-flow\">\n<p>La actividad se desarrollar\u00e1 desde este viernes 1\u00ba al domingo 3 de mayo, sobre Rivadavia y San Mart\u00edn. Los puestos se habilitar\u00e1n a partir de las 10 horas en el con una gran variedad de producciones locales.<\/p>\n<\/blockquote>\n\n\n\n<p><\/p>\n\n\n\n<p>Participar\u00e1n de la<strong> feria artesanos locales<\/strong> fiscalizados que utilizan diferentes t\u00e9cnicas tales como <strong>papel mach\u00e9, orfebrer\u00eda, tejido en telar, hilado, encuadernaci\u00f3n, cester\u00eda ecol\u00f3gica, cer\u00e1mica, vitrofusi\u00f3n, marroquiner\u00eda, madera, amigurumis, macram\u00e9, velas, pintura art\u00edstica, bordado, artesan\u00eda reciclada y resignificaci\u00f3n.<\/strong><\/p>\n\n\n\n<p><\/p>\n\n\n\n<p>El objetivo de este tipo de eventos es impulsar, reconocer y apoyar la actividad artesanal en Olavarr\u00eda, y que a trav\u00e9s de este tipo de eventos se permita dar un espacio de encuentro y sociabilizaci\u00f3n, generando v\u00ednculos y colaborando a la econom\u00eda social.<\/p>\n","protected":false},"excerpt":{"rendered":"<p>La actividad se desarrollar\u00e1 desde este viernes 1\u00ba al domingo 3 de mayo, sobre Rivadavia y San Mart\u00edn. Los puestos<\/p>\n","protected":false},"author":6,"featured_media":133938,"comment_status":"closed","ping_status":"closed","sticky":false,"template":"","format":"standard","meta":{"_jetpack_memberships_contains_paid_content":false,"footnotes":""},"categories":[9,1],"tags":[],"class_list":["post-202030","post","type-post","status-publish","format-standard","has-post-thumbnail","hentry","category-cultura","category-portada"],"jetpack_featured_media_url":"https:\/\/i0.wp.com\/cdnoticias.com\/wp-content\/uploads\/2025\/01\/feria-de-artesanos-plaza-01.jpg?fit=1000%2C556&ssl=1","jetpack_sharing_enabled":true,"_links":{"self":[{"href":"https:\/\/cdnoticias.com\/index.php\/wp-json\/wp\/v2\/posts\/202030","targetHints":{"allow":["GET"]}}],"collection":[{"href":"https:\/\/cdnoticias.com\/index.php\/wp-json\/wp\/v2\/posts"}],"about":[{"href":"https:\/\/cdnoticias.com\/index.php\/wp-json\/wp\/v2\/types\/post"}],"author":[{"embeddable":true,"href":"https:\/\/cdnoticias.com\/index.php\/wp-json\/wp\/v2\/users\/6"}],"replies":[{"embeddable":true,"href":"https:\/\/cdnoticias.com\/index.php\/wp-json\/wp\/v2\/comments?post=202030"}],"version-history":[{"count":0,"href":"https:\/\/cdnoticias.com\/index.php\/wp-json\/wp\/v2\/posts\/202030\/revisions"}],"wp:featuredmedia":[{"embeddable":true,"href":"https:\/\/cdnoticias.com\/index.php\/wp-json\/wp\/v2\/media\/133938"}],"wp:attachment":[{"href":"https:\/\/cdnoticias.com\/index.php\/wp-json\/wp\/v2\/media?parent=202030"}],"wp:term":[{"taxonomy":"category","embeddable":true,"href":"https:\/\/cdnoticias.com\/index.php\/wp-json\/wp\/v2\/categories?post=202030"},{"taxonomy":"post_tag","embeddable":true,"href":"https:\/\/cdnoticias.com\/index.php\/wp-json\/wp\/v2\/tags?post=202030"}],"curies":[{"name":"wp","href":"https:\/\/api.w.org\/{rel}","templated":true}]}}