{"id":202028,"date":"2026-04-30T17:29:59","date_gmt":"2026-04-30T20:29:59","guid":{"rendered":"https:\/\/cdnoticias.com\/?p=202028"},"modified":"2026-04-30T17:30:00","modified_gmt":"2026-04-30T20:30:00","slug":"este-viernes-llega-un-nuevo-feriado-los-alcances-y-a-quien-beneficia","status":"publish","type":"post","link":"https:\/\/cdnoticias.com\/index.php\/2026\/04\/30\/este-viernes-llega-un-nuevo-feriado-los-alcances-y-a-quien-beneficia\/","title":{"rendered":"Este viernes, llega un nuevo feriado: los alcances y a qui\u00e9n beneficia"},"content":{"rendered":"\n<p>El 1 de mayo por el D\u00eda del Trabajador, uno de los seis feriados inamovibles definidos por el Gobierno nacional para 2026, junto con el D\u00eda de la Revoluci\u00f3n de Mayo, el D\u00eda de la Independencia, el D\u00eda de la Inmaculada Concepci\u00f3n de Mar\u00eda y Navidad.<\/p>\n\n\n\n<hr class=\"wp-block-separator aligncenter has-alpha-channel-opacity\"\/>\n\n\n\n<p>El <strong>viernes 1 de mayo ser\u00e1 feriado nacional en Argentina por el D\u00eda del Trabajador<\/strong>, una fecha hist\u00f3rica que cada a\u00f1o modifica la rutina habitual de millones de personas y obliga a reorganizar traslados, compras y tr\u00e1mites. Esta fecha,<strong> de car\u00e1cter inamovible, <\/strong>coincide con el <strong>cierre de la semana laboral y permite disfrutar de tres d\u00edas consecutivos de descanso.<\/strong><\/p>\n\n\n\n<p><\/p>\n\n\n\n<blockquote class=\"wp-block-quote is-layout-flow wp-block-quote-is-layout-flow\">\n<p>Seg\u00fan datos del Ministerio del Interior, el D\u00eda del Trabajador es uno de los seis feriados inamovibles definidos por el Gobierno nacional para 2026, junto con el D\u00eda de la Revoluci\u00f3n de Mayo, el D\u00eda de la Independencia, el D\u00eda de la Inmaculada Concepci\u00f3n de Mar\u00eda y Navidad.<\/p>\n<\/blockquote>\n\n\n\n<p><\/p>\n\n\n\n<p>Tanto en el sector p\u00fablico como en el privado, <strong>se facilitar\u00e1n actividades recreativas y el turismo interno<\/strong>, especialmente en destinos tradicionales del pa\u00eds. Adem\u00e1s del descanso laboral para gran parte de los trabajadores, <strong>el feriado tambi\u00e9n impacta en bancos, oficinas p\u00fablicas, recolecci\u00f3n de residuos y centros de salud, donde se mantendr\u00e1n guardias m\u00ednimas o servicios esenciales.<\/strong><\/p>\n\n\n\n<p><\/p>\n\n\n\n<p>Como el d\u00eda en cuesti\u00f3n es considerado feriado,<strong> se trata para la ley de una jornada de descanso obligatoria, que debe cumplirse en todo el territorio nacional<\/strong>. La 20.744, conocida como Ley de Contrato de Trabajo, precisa en su art\u00edculo 181 que en los d\u00edas feriados nacionales rigen las mismas normas legales que para el descanso dominical.<\/p>\n\n\n\n<p><\/p>\n\n\n\n<blockquote class=\"wp-block-quote is-layout-flow wp-block-quote-is-layout-flow\">\n<p>El 1 de mayo es una jornada reconocida en m\u00e1s de ochenta pa\u00edses, establecida como feriado nacional en Argentina desde 1930 y en recuerdo a los acontecimientos de 1886 en Chicago, Estados Unidos, conocidos como la gesta de los \u201cM\u00e1rtires de Chicago\u201d.<\/p>\n<\/blockquote>\n\n\n\n<p><\/p>\n\n\n\n<p>En esos d\u00edas, <strong>un grupo de obreros fueron reprimidos violenta\u00admente mientras reclamaban condiciones laborales dignas y la jornada de ocho horas. <\/strong>Este episodio result\u00f3 decisivo en la historia del movimiento sindical,<strong> impulsando la consagraci\u00f3n de derechos laborales en distintos pa\u00edses.<\/strong><\/p>\n\n\n\n<p><\/p>\n\n\n\n<p><strong>C\u00f3mo sigue el calendario de feriados 2026<\/strong><\/p>\n\n\n\n<p>Tras el 1 de mayo, el calendario oficial prev\u00e9 varios feriados y fines de semana largos durante el resto del a\u00f1o:<\/p>\n\n\n\n<ul class=\"wp-block-list\">\n<li>25 de mayo: D\u00eda de la Revoluci\u00f3n de Mayo (inamovible)\u2003<\/li>\n<\/ul>\n\n\n\n<ul class=\"wp-block-list\">\n<li>15 de junio: Paso a la Inmortalidad del General Mart\u00edn Miguel de G\u00fcemes (trasladable, se celebra el lunes por el 17\/06)\u2003<\/li>\n<\/ul>\n\n\n\n<ul class=\"wp-block-list\">\n<li>20 de junio: Paso a la Inmortalidad del General Manuel Belgrano (inamovible)\u2003<\/li>\n<\/ul>\n\n\n\n<ul class=\"wp-block-list\">\n<li>9 de julio: D\u00eda de la Independencia (inamovible)\u2003<\/li>\n<\/ul>\n\n\n\n<ul class=\"wp-block-list\">\n<li>10 de julio: D\u00eda no laborable con fines tur\u00edsticos\u2003<\/li>\n<\/ul>\n\n\n\n<ul class=\"wp-block-list\">\n<li>17 de agosto: Paso a la Inmortalidad del General Jos\u00e9 de San Mart\u00edn (trasladable)\u2003<\/li>\n<\/ul>\n\n\n\n<ul class=\"wp-block-list\">\n<li>12 de octubre: D\u00eda del Respeto a la Diversidad Cultural (trasladable)\u2003<\/li>\n<\/ul>\n\n\n\n<ul class=\"wp-block-list\">\n<li>23 de noviembre: D\u00eda de la Soberan\u00eda Nacional (trasladable, por el 20\/11)\u2003<\/li>\n<\/ul>\n\n\n\n<ul class=\"wp-block-list\">\n<li>7 de diciembre: D\u00eda no laborable con fines tur\u00edsticos\u2003<\/li>\n<\/ul>\n\n\n\n<ul class=\"wp-block-list\">\n<li>8 de diciembre: D\u00eda de la Inmaculada Concepci\u00f3n de Mar\u00eda (inamovible)\u2003<\/li>\n<\/ul>\n\n\n\n<ul class=\"wp-block-list\">\n<li>25 de diciembre: Navidad (inamovible)<\/li>\n<\/ul>\n\n\n\n<p><em>Fuente: Agencia DIB<\/em><\/p>\n","protected":false},"excerpt":{"rendered":"<p>El 1 de mayo por el D\u00eda del Trabajador, uno de los seis feriados inamovibles definidos por el Gobierno nacional<\/p>\n","protected":false},"author":6,"featured_media":133776,"comment_status":"closed","ping_status":"closed","sticky":false,"template":"","format":"standard","meta":{"_jetpack_memberships_contains_paid_content":false,"footnotes":""},"categories":[6,1],"tags":[],"class_list":["post-202028","post","type-post","status-publish","format-standard","has-post-thumbnail","hentry","category-nacionales","category-portada"],"jetpack_featured_media_url":"https:\/\/i0.wp.com\/cdnoticias.com\/wp-content\/uploads\/2025\/01\/feriados-calendario-2025.png?fit=682%2C407&ssl=1","jetpack_sharing_enabled":true,"_links":{"self":[{"href":"https:\/\/cdnoticias.com\/index.php\/wp-json\/wp\/v2\/posts\/202028","targetHints":{"allow":["GET"]}}],"collection":[{"href":"https:\/\/cdnoticias.com\/index.php\/wp-json\/wp\/v2\/posts"}],"about":[{"href":"https:\/\/cdnoticias.com\/index.php\/wp-json\/wp\/v2\/types\/post"}],"author":[{"embeddable":true,"href":"https:\/\/cdnoticias.com\/index.php\/wp-json\/wp\/v2\/users\/6"}],"replies":[{"embeddable":true,"href":"https:\/\/cdnoticias.com\/index.php\/wp-json\/wp\/v2\/comments?post=202028"}],"version-history":[{"count":0,"href":"https:\/\/cdnoticias.com\/index.php\/wp-json\/wp\/v2\/posts\/202028\/revisions"}],"wp:featuredmedia":[{"embeddable":true,"href":"https:\/\/cdnoticias.com\/index.php\/wp-json\/wp\/v2\/media\/133776"}],"wp:attachment":[{"href":"https:\/\/cdnoticias.com\/index.php\/wp-json\/wp\/v2\/media?parent=202028"}],"wp:term":[{"taxonomy":"category","embeddable":true,"href":"https:\/\/cdnoticias.com\/index.php\/wp-json\/wp\/v2\/categories?post=202028"},{"taxonomy":"post_tag","embeddable":true,"href":"https:\/\/cdnoticias.com\/index.php\/wp-json\/wp\/v2\/tags?post=202028"}],"curies":[{"name":"wp","href":"https:\/\/api.w.org\/{rel}","templated":true}]}}