{"id":202022,"date":"2026-04-30T17:00:04","date_gmt":"2026-04-30T20:00:04","guid":{"rendered":"https:\/\/cdnoticias.com\/?p=202022"},"modified":"2026-04-30T17:00:05","modified_gmt":"2026-04-30T20:00:05","slug":"la-marca-municipal-producto-olavarriense-sigue-creciendo-con-mas-productores","status":"publish","type":"post","link":"https:\/\/cdnoticias.com\/index.php\/2026\/04\/30\/la-marca-municipal-producto-olavarriense-sigue-creciendo-con-mas-productores\/","title":{"rendered":"La marca Municipal \u201cProducto Olavarriense\u201d sigue creciendo con m\u00e1s productores"},"content":{"rendered":"\n<p>Este viernes 1\u00b0 de mayo estar\u00e1n presentes ofreciendo sus producciones en la 37\u00b0 edici\u00f3n de la Vuelta al Municipio.<\/p>\n\n\n\n<hr class=\"wp-block-separator aligncenter has-alpha-channel-opacity\"\/>\n\n\n\n<p>El Municipio de Olavarr\u00eda contin\u00faa acompa\u00f1ando a <strong>productores locales<\/strong>, fomentando el asociativismo y promoviendo diversos espacios y propuestas que permitan <strong>dar mayor visibilidad y oportunidades al sector.\u00a0<\/strong><\/p>\n\n\n\n<p><\/p>\n\n\n\n<p>Uno de esos ejemplos es el <strong>sello \u201cProducto Olavarriense<\/strong>\u201d, una iniciativa que es promovida desde la Secretar\u00eda de<strong> Desarrollo Econ\u00f3mico y Productivo <\/strong>con el objetivo de impulsar una marca que <strong>distinga a las producciones locale<\/strong>s y, a la par, que nos represente en distintos eventos y actividades que se realizan en nuestro Partido y la regi\u00f3n.<\/p>\n\n\n\n<p><\/p>\n\n\n\n<blockquote class=\"wp-block-quote is-layout-flow wp-block-quote-is-layout-flow\">\n<p>En ese marco, se destaca que recientemente tres nuevos productores locales se sumaron al \u201cProducto Olavarriense\u201d, el cual fue presentado a fines del a\u00f1o pasado en el marco de la Expo Olavarr\u00eda Produce.\u00a0<\/p>\n<\/blockquote>\n\n\n\n<p><\/p>\n\n\n\n<figure class=\"wp-block-image aligncenter size-full\"><img data-recalc-dims=\"1\" loading=\"lazy\" decoding=\"async\" width=\"800\" height=\"501\" src=\"https:\/\/i0.wp.com\/cdnoticias.com\/wp-content\/uploads\/2026\/04\/selloolavarriense-masproductores1.jpg?resize=800%2C501&#038;ssl=1\" alt=\"\" class=\"wp-image-202026\" srcset=\"https:\/\/i0.wp.com\/cdnoticias.com\/wp-content\/uploads\/2026\/04\/selloolavarriense-masproductores1.jpg?w=892&amp;ssl=1 892w, https:\/\/i0.wp.com\/cdnoticias.com\/wp-content\/uploads\/2026\/04\/selloolavarriense-masproductores1.jpg?resize=300%2C188&amp;ssl=1 300w, https:\/\/i0.wp.com\/cdnoticias.com\/wp-content\/uploads\/2026\/04\/selloolavarriense-masproductores1.jpg?resize=768%2C481&amp;ssl=1 768w\" sizes=\"auto, (max-width: 800px) 100vw, 800px\" \/><\/figure>\n\n\n\n<p><\/p>\n\n\n\n<p>Es llevado adelante a trav\u00e9s de las <strong>Coordinaciones de Econom\u00eda Popular y de Turismo<\/strong>, con la meta de potenciar y visibilizar elementos elaborados por manos locales, adem\u00e1s de continuar potenciando los atributos tur\u00edsticos que tiene nuestra ciudad. Los nuevos integrantes fueron presentados en el marco de un encuentro que se realiz\u00f3 d\u00edas atr\u00e1s en el Sal\u00f3n Blanco del Palacio Municipal, encabezado por el secretario de Desarrollo Econ\u00f3mico y Productivo, Jos\u00e9 Pablo Di Uono, Mercedes Silva Quiterio de la Coordinaci\u00f3n de Turismo y Solange Rivarola Vales de la Coordinaci\u00f3n de Econom\u00eda Popular.<\/p>\n\n\n\n<p><\/p>\n\n\n\n<blockquote class=\"wp-block-quote is-layout-flow wp-block-quote-is-layout-flow\">\n<p>Se trata de Carlos Laguardia, artesano fiscalizado por la Subsecretar\u00eda de Cultura, con trabajos Artesanales en Cuero como cintos, porta mates, carteras, bandoleras, llaveros; Mario Fern\u00e1ndez de Melqu\u00edades Artesan\u00edas del rubro orfebre, artesano fiscalizado por la Subsecretar\u00eda de Cultura, quien realiza producciones como bombillas y mates personalizados, cuchillos y tenedores encabados en madera, anillos, dijes, aros, se\u00f1aladores; y Karina Rasmunsen de Vellocino, un emprendimiento textil de confecci\u00f3n de mantas, manteler\u00eda, pa\u00f1os multiuso, caminos, pie de cama, almohadones, entre otras producciones.<\/p>\n<\/blockquote>\n\n\n\n<p><\/p>\n\n\n\n<p>En la ocasi\u00f3n se les dio la bienvenida y se les explic\u00f3 adem\u00e1s la din\u00e1mica de trabajo a la hora de comercializar de manera asociativa.\u00a0Se destac\u00f3 que <strong>ya son 16 los productores y productoras locales que integran la iniciativa,<\/strong> y que <strong>este 30 de abril y 1\u00b0 de mayo estar\u00e1n presentes ofreciendo sus producciones en la 37\u00b0 edici\u00f3n de la Vuelta al Municipio.<\/strong><\/p>\n\n\n\n<p><\/p>\n","protected":false},"excerpt":{"rendered":"<p>Este viernes 1\u00b0 de mayo estar\u00e1n presentes ofreciendo sus producciones en la 37\u00b0 edici\u00f3n de la Vuelta al Municipio. El<\/p>\n","protected":false},"author":6,"featured_media":202025,"comment_status":"closed","ping_status":"closed","sticky":false,"template":"","format":"standard","meta":{"_jetpack_memberships_contains_paid_content":false,"footnotes":""},"categories":[5,1],"tags":[],"class_list":["post-202022","post","type-post","status-publish","format-standard","has-post-thumbnail","hentry","category-informacion-general","category-portada"],"jetpack_featured_media_url":"https:\/\/i0.wp.com\/cdnoticias.com\/wp-content\/uploads\/2026\/04\/selloolavarriense-masproductores2.jpg?fit=900%2C539&ssl=1","jetpack_sharing_enabled":true,"_links":{"self":[{"href":"https:\/\/cdnoticias.com\/index.php\/wp-json\/wp\/v2\/posts\/202022","targetHints":{"allow":["GET"]}}],"collection":[{"href":"https:\/\/cdnoticias.com\/index.php\/wp-json\/wp\/v2\/posts"}],"about":[{"href":"https:\/\/cdnoticias.com\/index.php\/wp-json\/wp\/v2\/types\/post"}],"author":[{"embeddable":true,"href":"https:\/\/cdnoticias.com\/index.php\/wp-json\/wp\/v2\/users\/6"}],"replies":[{"embeddable":true,"href":"https:\/\/cdnoticias.com\/index.php\/wp-json\/wp\/v2\/comments?post=202022"}],"version-history":[{"count":0,"href":"https:\/\/cdnoticias.com\/index.php\/wp-json\/wp\/v2\/posts\/202022\/revisions"}],"wp:featuredmedia":[{"embeddable":true,"href":"https:\/\/cdnoticias.com\/index.php\/wp-json\/wp\/v2\/media\/202025"}],"wp:attachment":[{"href":"https:\/\/cdnoticias.com\/index.php\/wp-json\/wp\/v2\/media?parent=202022"}],"wp:term":[{"taxonomy":"category","embeddable":true,"href":"https:\/\/cdnoticias.com\/index.php\/wp-json\/wp\/v2\/categories?post=202022"},{"taxonomy":"post_tag","embeddable":true,"href":"https:\/\/cdnoticias.com\/index.php\/wp-json\/wp\/v2\/tags?post=202022"}],"curies":[{"name":"wp","href":"https:\/\/api.w.org\/{rel}","templated":true}]}}