{"id":202019,"date":"2026-04-30T20:25:05","date_gmt":"2026-04-30T23:25:05","guid":{"rendered":"https:\/\/cdnoticias.com\/?p=202019"},"modified":"2026-04-30T20:26:09","modified_gmt":"2026-04-30T23:26:09","slug":"olavarria-en-las-respuestas-de-adorni-en-diputados-rigi-vialidad-y-seguridad","status":"publish","type":"post","link":"https:\/\/cdnoticias.com\/index.php\/2026\/04\/30\/olavarria-en-las-respuestas-de-adorni-en-diputados-rigi-vialidad-y-seguridad\/","title":{"rendered":"Olavarr\u00eda en las respuestas de Adorni en Diputados: RIGI, Vialidad y seguridad"},"content":{"rendered":"<p>En el informe de gesti\u00f3n del Jefe de Gabinete, nuestro distrito estuvo en las respuestas y en las preguntas. Si bien el funcionario no arroj\u00f3 datos novedosos, oficializ\u00f3 informaci\u00f3n sobre inversiones p\u00fablicas y privadas.<\/p>\n\n\n<hr class=\"wp-block-separator has-alpha-channel-opacity\"\/>\n\n\n\n<p><\/p>\n\n\n\n<!--more-->\n\n\n\n<p>El <strong>jefe de Gabinete de la Naci\u00f3n, Manuel Adorni<\/strong>, estuvo en la <strong>C\u00e1mara de Diputados<\/strong> donde <strong>respondi\u00f3 m\u00e1s de 2.000 preguntas<\/strong> presentadas por legisladores de todos los bloques<a href=\"https:\/\/cdnoticias.com\/index.php\/2026\/04\/29\/ezequiel-galli-presente-en-el-congreso-durante-el-informe-de-gestion-de-adorni\/\" target=\"_blank\" rel=\"noreferrer noopener\"> en el informe de gesti\u00f3n<\/a>. Poco antes de concurrir al recinto el funcionario envi\u00f3 las respuestas y hubo <strong>alguna pregunta y varias respuestas que incluyeron menciones a Olavarr\u00eda<\/strong>.<\/p>\n\n\n\n<p><\/p>\n\n\n\n<p><strong>Central de Noticias <\/strong>accedi\u00f3 al<strong> documento de las respuestas<\/strong>. Numerosas consultas estuvieron relacionadas con el <strong>programa RIGI<\/strong>. Se le solicit\u00f3 a Adorni que detallara la cantidad total de trabajadores contratados en los emprendimientos incluidos. El jefe de los ministros respondi\u00f3 que hay 21 proyectos en proceso de evaluaci\u00f3n mientras que \u201cel Ministerio de Econom\u00eda informa que los 12 proyectos aprobados en el marco del RIGI, sumado al Proyecto Diablillos (\u2026) proyectan la generaci\u00f3n de 36.873 empleos, sumando directos e indirectos\u201d. Luego pas\u00f3 a enumerar los proyectos y, de cada uno, se inform\u00f3 la proyecci\u00f3n de empleo por proyecto.<\/p>\n\n\n\n<p><\/p>\n\n\n\n<p>El Parque E\u00f3lico Olavarr\u00eda de Generaci\u00f3n El\u00e9ctrica Argentina Renovable SA contempla 165 empleos directos e indirectas. La inversi\u00f3n es de 276 millones de d\u00f3lares. El proyecto en evaluaci\u00f3n de otro parque e\u00f3lico, La Rinconada de Tenaris, proyecta 809 empleos directos e indirectos.<\/p>\n\n\n\n<p><\/p>\n\n\n\n<p>M\u00e1s adelante, sobre el RIGI se pregunt\u00f3 sobre los sectores espec\u00edficos que concentraron \u201cla mayor inversi\u00f3n privada desde el nuevo marco macroecon\u00f3mico\u201d. Se respondi\u00f3 que \u201clos sectores de petr\u00f3leo y gas, miner\u00eda e infraestructura concentran la mayor parte de la inversi\u00f3n comprometida en el marco del RIGI\u201d. De los 12 proyectos aprobados la inversi\u00f3n total es de USD 26.446 millones en inversi\u00f3n y hay un proyecto en v\u00edas de evaluaci\u00f3n por USD 764 millones. \u201cAdicionalmente, hay 21 proyectos en proceso de evaluaci\u00f3n que representan inversiones proyectadas por USD 52.969 millones adicionales\u201d a\u00f1adi\u00f3.<\/p>\n\n\n\n<p><\/p>\n\n\n\n<p>Se reiteraron los datos del Parque E\u00f3lico Olavarr\u00eda con inversi\u00f3n de 276 millones de d\u00f3lares y el Parque E\u00f3lico La Rinconada, de 219 millones de d\u00f3lares.<\/p>\n\n\n\n<p><\/p>\n\n\n\n<p>Los mismos datos se reiteraron en una tercera consulta sobre el R\u00e9gimen de Inversiones que apunt\u00f3 al \u201cdesembolso obligatorio y estado de ejecuci\u00f3n de proyectos\u201d.<\/p>\n\n\n\n<p><\/p>\n\n\n\n<p>El Presupuesto 2026 tambi\u00e9n fue objeto de consultas a Adorni. Acerca de las obras de Vialidad Nacional previstas se consult\u00f3 sobre la \u201cejecuci\u00f3n real\u201d. Se detallaron trabajos sobre las rutas 205 y 226 en 233,6 kil\u00f3metros entre Olavarr\u00eda y Bol\u00edvar que cuenta con 83,39% de avance de tareas de mantenimiento y rutinario. El tramo alcanzado de ruta 226 abarca desde el empalme con ruta 51 en nuestro distrito al empalme con la ruta 65 en Bol\u00edvar, mientras que el sector de ruta 205 va desde el empalme con ruta 51 en Saladillo al mismo cruce de ruta 65.<\/p>\n\n\n\n<p><\/p>\n\n\n\n<p>Cabe agregar que tambi\u00e9n se inform\u00f3 un avance de 40,07% de la obra de construcci\u00f3n de la autopista de ruta 3 entre San Miguel de Monte y acceso a Gorchs, con una extensi\u00f3n de 26,20 kil\u00f3metros.<\/p>\n\n\n\n<p><\/p>\n\n\n\n<p>El mismo detalle de obras se present\u00f3 m\u00e1s adelante en el mismo informe de gesti\u00f3n ante la consulta por los \u201cmecanismos establecidos a los efectos de garantizar la finalizaci\u00f3n de las obras p\u00fablicas de infraestructura para el desarrollo de los bonaerenses\u201d. Si bien se solicit\u00f3 que se especifiquen los datos de acciones de 2024 y 2025, la respuesta fue que tales datos estaban en un sitio web del Ministerio de Econom\u00eda antes de detallar el cuadro de obras en ejecuci\u00f3n de Vialidad Nacional.<\/p>\n\n\n\n<p><\/p>\n\n\n\n<p>Por \u00faltimo, la menci\u00f3n a Olavarr\u00eda fue de quien present\u00f3 la pregunta, referida a \u201cdetenciones de supuestos terroristas en territorio nacional\u201d con la enumeraci\u00f3n de que \u201cen 2025 hubo cuatro detenciones de menores de edad por supuestas relaciones con el terrorismo internacional: dos chicos de 16, uno en Olavarr\u00eda y otro en Ensenada; uno de 14 en San Miguel; y un nene de 12 a\u00f1os en Quilmes. Los cuatro fueron detenidos por alertas del FBI que le dijo al Ministerio que eran militantes de ISIS\u201d. Se busc\u00f3 que la Jefatura de Gabinete informara si hab\u00eda m\u00e1s casos de ese tipo que no se hab\u00edan hecho p\u00fablicos.<\/p>\n\n\n\n<p><\/p>\n\n\n\n<p>La respuesta no arroj\u00f3 claridad sobre el tema: se explic\u00f3 como act\u00faan el Ministerio de Seguridad Nacional y las fuerzas federales. \u201cSe informa que han existido otras causas en las que se encuentran involucrados menores de edad, desconoci\u00e9ndose si dichas situaciones han sido de conocimiento o difusi\u00f3n por parte de la prensa\u201d.<\/p>\n\n\n\n<p><\/p>\n","protected":false},"excerpt":{"rendered":"<p>En el informe de gesti\u00f3n del Jefe de Gabinete, nuestro distrito estuvo en las respuestas y en las preguntas. Si<\/p>\n","protected":false},"author":4,"featured_media":201916,"comment_status":"closed","ping_status":"closed","sticky":false,"template":"","format":"standard","meta":{"_jetpack_memberships_contains_paid_content":false,"footnotes":""},"categories":[7,4],"tags":[],"class_list":["post-202019","post","type-post","status-publish","format-standard","has-post-thumbnail","hentry","category-central","category-politica"],"jetpack_featured_media_url":"https:\/\/i0.wp.com\/cdnoticias.com\/wp-content\/uploads\/2026\/04\/congreso-adorni-00.jpg?fit=1000%2C557&ssl=1","jetpack_sharing_enabled":true,"_links":{"self":[{"href":"https:\/\/cdnoticias.com\/index.php\/wp-json\/wp\/v2\/posts\/202019","targetHints":{"allow":["GET"]}}],"collection":[{"href":"https:\/\/cdnoticias.com\/index.php\/wp-json\/wp\/v2\/posts"}],"about":[{"href":"https:\/\/cdnoticias.com\/index.php\/wp-json\/wp\/v2\/types\/post"}],"author":[{"embeddable":true,"href":"https:\/\/cdnoticias.com\/index.php\/wp-json\/wp\/v2\/users\/4"}],"replies":[{"embeddable":true,"href":"https:\/\/cdnoticias.com\/index.php\/wp-json\/wp\/v2\/comments?post=202019"}],"version-history":[{"count":2,"href":"https:\/\/cdnoticias.com\/index.php\/wp-json\/wp\/v2\/posts\/202019\/revisions"}],"predecessor-version":[{"id":202079,"href":"https:\/\/cdnoticias.com\/index.php\/wp-json\/wp\/v2\/posts\/202019\/revisions\/202079"}],"wp:featuredmedia":[{"embeddable":true,"href":"https:\/\/cdnoticias.com\/index.php\/wp-json\/wp\/v2\/media\/201916"}],"wp:attachment":[{"href":"https:\/\/cdnoticias.com\/index.php\/wp-json\/wp\/v2\/media?parent=202019"}],"wp:term":[{"taxonomy":"category","embeddable":true,"href":"https:\/\/cdnoticias.com\/index.php\/wp-json\/wp\/v2\/categories?post=202019"},{"taxonomy":"post_tag","embeddable":true,"href":"https:\/\/cdnoticias.com\/index.php\/wp-json\/wp\/v2\/tags?post=202019"}],"curies":[{"name":"wp","href":"https:\/\/api.w.org\/{rel}","templated":true}]}}