{"id":202013,"date":"2026-04-30T16:30:35","date_gmt":"2026-04-30T19:30:35","guid":{"rendered":"https:\/\/cdnoticias.com\/?p=202013"},"modified":"2026-04-30T16:30:37","modified_gmt":"2026-04-30T19:30:37","slug":"tras-el-ajuste-de-ypf-ahora-el-gobierno-definio-subas-parciales-para-las-naftas","status":"publish","type":"post","link":"https:\/\/cdnoticias.com\/index.php\/2026\/04\/30\/tras-el-ajuste-de-ypf-ahora-el-gobierno-definio-subas-parciales-para-las-naftas\/","title":{"rendered":"Tras el ajuste de YPF, ahora el Gobierno defini\u00f3 subas parciales para las naftas"},"content":{"rendered":"<p>La administraci\u00f3n nacional volvi\u00f3 a postergar para mayo parte del aumento de impuestos a los combustibles.<\/p>\n\n\n<hr class=\"wp-block-separator has-alpha-channel-opacity\"\/>\n\n\n\n<!--more-->\n\n\n\n<p><strong>Un d\u00eda despu\u00e9s que la petrolera estatal YPF ajustara los <a href=\"https:\/\/cdnoticias.com\/index.php\/2026\/04\/28\/cambios-en-el-precio-de-los-combustibles-en-ypf-a-pesar-del-compromiso-del-congelamiento\/\" target=\"_blank\" rel=\"noreferrer noopener\">valores de las naftas -incluso en Olavarr\u00eda-<\/a> <\/strong>a pesar que a principios de mes hab\u00eda anunciado que no aplicar\u00eda incrementos por 45 d\u00edas, ahora <strong>el Gobierno nacional dispuso una nueva postergaci\u00f3n parcial<\/strong> de los <strong>aumentos en los impuestos a los combustibles<\/strong>, pero defini\u00f3<strong> subas acotadas para mayo<\/strong>.<\/p>\n\n\n\n<p><\/p>\n\n\n\n<blockquote class=\"wp-block-quote is-layout-flow wp-block-quote-is-layout-flow\">\n<p>Seg\u00fan el decreto 302\/2026 publicado este jueves en el Bolet\u00edn Oficial, el incremento ser\u00e1 de 0,5% en mayo, decisi\u00f3n condicionada por la suba de la inflaci\u00f3n de los \u00faltimos meses que lleva al Gobierno de Javier Milei a tener pisado los cambios en los impuestos a los combustibles.<\/p>\n<\/blockquote>\n\n\n\n<p><\/p>\n\n\n\n<p>La norma<strong> modifica el esquema vigente<\/strong> y establece que, para las<strong> operaciones entre el 1 y el 31 de mayo<\/strong>, se aplicar\u00e1n<strong> incrementos en los tributos sobre naftas y gasoil<\/strong>.<\/p>\n\n\n\n<p><\/p>\n\n\n\n<blockquote class=\"wp-block-quote is-layout-flow wp-block-quote-is-layout-flow\">\n<p>En el caso de las naftas, el ajuste ser\u00e1 de $10,398 en el impuesto a los combustibles l\u00edquidos y de $0,637 en el impuesto al di\u00f3xido de carbono. Para el gasoil, las subas ser\u00e1n de $9,269, con un adicional diferencial de $5,019, y de $1,056 en el tributo ambiental.<\/p>\n<\/blockquote>\n\n\n\n<p><\/p>\n\n\n\n<p>Al mismo tiempo, el decreto dispone que <strong>los incrementos remanentes de los impuestos<\/strong>, correspondientes a actualizaciones de 2024 y 2025, <strong>se postergan hasta el 1 de junio de 2026<\/strong>, extendiendo el esquema de diferimientos que el Ejecutivo viene aplicando. Sin embargo, este ajuste <strong>se suma al aumento en torno al 2% que aplic\u00f3 YPF esta semana<\/strong>, pese a que estaba la <a href=\"https:\/\/cdnoticias.com\/index.php\/2026\/04\/03\/ypf-pondra-un-limite-a-los-aumentos-de-los-combustibles-por-45-dias\/\" target=\"_blank\" rel=\"noreferrer noopener\">promesa de mantener el valor sin cambio por 45 d\u00edas<\/a>.<\/p>\n\n\n\n<p><\/p>\n\n\n\n<figure class=\"wp-block-embed is-type-wp-embed is-provider-central-de-noticias-olavarr-a wp-block-embed-central-de-noticias-olavarr-a\"><div class=\"wp-block-embed__wrapper\">\n<blockquote class=\"wp-embedded-content\" data-secret=\"GXAJT2LBQ5\"><a href=\"https:\/\/cdnoticias.com\/index.php\/2026\/04\/28\/cambios-en-el-precio-de-los-combustibles-en-ypf-a-pesar-del-compromiso-del-congelamiento\/\">Cambios en el precio de los combustibles en YPF, a pesar del compromiso del congelamiento<\/a><\/blockquote><iframe loading=\"lazy\" class=\"wp-embedded-content\" sandbox=\"allow-scripts\" security=\"restricted\" style=\"position: absolute; visibility: hidden;\" title=\"&#8220;Cambios en el precio de los combustibles en YPF, a pesar del compromiso del congelamiento&#8221; &#8212; Central de Noticias | Olavarr\u00eda\" src=\"https:\/\/cdnoticias.com\/index.php\/2026\/04\/28\/cambios-en-el-precio-de-los-combustibles-en-ypf-a-pesar-del-compromiso-del-congelamiento\/embed\/#?secret=NPVlSBbWAt#?secret=GXAJT2LBQ5\" data-secret=\"GXAJT2LBQ5\" width=\"600\" height=\"338\" frameborder=\"0\" marginwidth=\"0\" marginheight=\"0\" scrolling=\"no\"><\/iframe>\n<\/div><\/figure>\n\n\n\n<p><\/p>\n\n\n\n<h2 class=\"wp-block-heading\">Ca\u00edda en el consumo de naftas<\/h2>\n\n\n\n<p><\/p>\n\n\n\n<p>Cabe destacar que el <strong>impacto de los aumentos en los precios<\/strong> de los combustibles comenz\u00f3 a<strong> reflejarse en marzo<\/strong>. Luego de <strong>subas superiores al 20% en los surtidores<\/strong>, en un contexto de tensi\u00f3n internacional por la guerra en Medio Oriente, <strong>las ventas al p\u00fablico registraron una ca\u00edda del 1,8% interanual en todo el pa\u00eds.<\/strong><\/p>\n\n\n\n<p><\/p>\n\n\n\n<p>Si bien <strong>en la comparaci\u00f3n mensual el volumen comercializado mostr\u00f3 una suba<\/strong>, se explica principalmente por la mayor cantidad de d\u00edas del mes. Al ajustar por ese efecto, el consumo promedio diario evidenci\u00f3 una baja del 3,1%, lo que confirma el deterioro de la demanda en un escenario de precios en alza y p\u00e9rdida de poder adquisitivo.<\/p>\n\n\n\n<p><\/p>\n\n\n\n<p>Fuente: <em>Agencia DIB<\/em><\/p>\n","protected":false},"excerpt":{"rendered":"<p>La administraci\u00f3n nacional volvi\u00f3 a postergar para mayo parte del aumento de impuestos a los combustibles.<\/p>\n","protected":false},"author":4,"featured_media":201748,"comment_status":"closed","ping_status":"closed","sticky":false,"template":"","format":"standard","meta":{"_jetpack_memberships_contains_paid_content":false,"footnotes":""},"categories":[7,6],"tags":[],"class_list":["post-202013","post","type-post","status-publish","format-standard","has-post-thumbnail","hentry","category-central","category-nacionales"],"jetpack_featured_media_url":"https:\/\/i0.wp.com\/cdnoticias.com\/wp-content\/uploads\/2026\/04\/YPF-combustibles-estacion-de-servicio-02.jpg?fit=1000%2C556&ssl=1","jetpack_sharing_enabled":true,"_links":{"self":[{"href":"https:\/\/cdnoticias.com\/index.php\/wp-json\/wp\/v2\/posts\/202013","targetHints":{"allow":["GET"]}}],"collection":[{"href":"https:\/\/cdnoticias.com\/index.php\/wp-json\/wp\/v2\/posts"}],"about":[{"href":"https:\/\/cdnoticias.com\/index.php\/wp-json\/wp\/v2\/types\/post"}],"author":[{"embeddable":true,"href":"https:\/\/cdnoticias.com\/index.php\/wp-json\/wp\/v2\/users\/4"}],"replies":[{"embeddable":true,"href":"https:\/\/cdnoticias.com\/index.php\/wp-json\/wp\/v2\/comments?post=202013"}],"version-history":[{"count":0,"href":"https:\/\/cdnoticias.com\/index.php\/wp-json\/wp\/v2\/posts\/202013\/revisions"}],"wp:featuredmedia":[{"embeddable":true,"href":"https:\/\/cdnoticias.com\/index.php\/wp-json\/wp\/v2\/media\/201748"}],"wp:attachment":[{"href":"https:\/\/cdnoticias.com\/index.php\/wp-json\/wp\/v2\/media?parent=202013"}],"wp:term":[{"taxonomy":"category","embeddable":true,"href":"https:\/\/cdnoticias.com\/index.php\/wp-json\/wp\/v2\/categories?post=202013"},{"taxonomy":"post_tag","embeddable":true,"href":"https:\/\/cdnoticias.com\/index.php\/wp-json\/wp\/v2\/tags?post=202013"}],"curies":[{"name":"wp","href":"https:\/\/api.w.org\/{rel}","templated":true}]}}